{"id":32791,"date":"2020-06-06T03:00:00","date_gmt":"2020-06-06T03:00:00","guid":{"rendered":"http:\/\/katinkaskitchen.com\/?p=32791"},"modified":"2022-12-07T07:22:37","modified_gmt":"2022-12-07T06:22:37","slug":"en-annorlunda-nationaldag","status":"publish","type":"post","link":"https:\/\/katinkaskitchen.com\/?p=32791","title":{"rendered":"En annorlunda nationaldag"},"content":{"rendered":"\n<figure class=\"wp-block-image size-large is-resized\"><img loading=\"lazy\" decoding=\"async\" src=\"http:\/\/files.katinkaskitchen.com\/1B231B79-7CEA-4E77-89DC-EFCB892F18A1-1024x1024.jpeg\" alt=\"\" class=\"wp-image-32794\" width=\"512\" height=\"512\" srcset=\"https:\/\/files.katinkaskitchen.com\/1B231B79-7CEA-4E77-89DC-EFCB892F18A1-1024x1024.jpeg 1024w, https:\/\/files.katinkaskitchen.com\/1B231B79-7CEA-4E77-89DC-EFCB892F18A1-300x300.jpeg 300w, https:\/\/files.katinkaskitchen.com\/1B231B79-7CEA-4E77-89DC-EFCB892F18A1-150x150.jpeg 150w, https:\/\/files.katinkaskitchen.com\/1B231B79-7CEA-4E77-89DC-EFCB892F18A1-768x768.jpeg 768w, https:\/\/files.katinkaskitchen.com\/1B231B79-7CEA-4E77-89DC-EFCB892F18A1-1536x1536.jpeg 1536w, https:\/\/files.katinkaskitchen.com\/1B231B79-7CEA-4E77-89DC-EFCB892F18A1-2048x2048.jpeg 2048w\" sizes=\"auto, (max-width: 512px) 100vw, 512px\" \/><\/figure>\n\n\n\n<p><strong>En nationaldag i Coronatider med \u00f6sregn &#8211; ja, d\u00e5 blir det inte som vanligt. P\u00e5 morgonen var en del ute och promenerade i halvsol innan de m\u00f6rka molnen rullade in och \u00f6sregnet tilltog. Kanske lika bra det n\u00e4r det varken blir som vanligt i dessa underliga tider med pandemi. <\/strong><\/p>\n\n\n\n<figure class=\"wp-block-image size-large is-resized\"><img loading=\"lazy\" decoding=\"async\" src=\"http:\/\/files.katinkaskitchen.com\/2018\/06\/ENbJEjsRXKyHQH3C0lOqw-1024x768.jpg\" alt=\"\" class=\"wp-image-29099\" width=\"512\" height=\"384\" srcset=\"https:\/\/files.katinkaskitchen.com\/2018\/06\/ENbJEjsRXKyHQH3C0lOqw-1024x768.jpg 1024w, https:\/\/files.katinkaskitchen.com\/2018\/06\/ENbJEjsRXKyHQH3C0lOqw-150x113.jpg 150w, https:\/\/files.katinkaskitchen.com\/2018\/06\/ENbJEjsRXKyHQH3C0lOqw-300x225.jpg 300w, https:\/\/files.katinkaskitchen.com\/2018\/06\/ENbJEjsRXKyHQH3C0lOqw-768x576.jpg 768w\" sizes=\"auto, (max-width: 512px) 100vw, 512px\" \/><\/figure>\n\n\n\n<p><strong>Jag brukar sl\u00e5 ett slag f\u00f6r mina tonfisksm\u00f6rg\u00e5sar som passar v\u00e4ldigt bra till picknick. De kan man i och f\u00f6r sig g\u00f6ra och \u00e4ta hemma, men en dag som denna kanske det passar b\u00e4ttre med en v\u00e4rmande gryta inomhus. <\/strong><\/p>\n\n\n\n<figure class=\"wp-block-image size-large is-resized\"><img loading=\"lazy\" decoding=\"async\" src=\"http:\/\/files.katinkaskitchen.com\/2019\/05\/fullsizeoutput_2765-768x1024.jpeg\" alt=\"\" class=\"wp-image-31122\" width=\"384\" height=\"512\" srcset=\"https:\/\/files.katinkaskitchen.com\/2019\/05\/fullsizeoutput_2765-768x1024.jpeg 768w, https:\/\/files.katinkaskitchen.com\/2019\/05\/fullsizeoutput_2765-113x150.jpeg 113w, https:\/\/files.katinkaskitchen.com\/2019\/05\/fullsizeoutput_2765-225x300.jpeg 225w\" sizes=\"auto, (max-width: 384px) 100vw, 384px\" \/><\/figure>\n\n\n\n<p><strong>Titta igenom kategorierna i den h\u00f6gra kolumnen eller s\u00f6k i s\u00f6krutan uppe till h\u00f6ger s\u00e5 kanske du hittar n\u00e5got inspirerande h\u00e4r p\u00e5 Katinkas Kitchen d\u00e4r det finns n\u00e4rmare 2000 recept att v\u00e4lja bland. <\/strong><\/p>\n\n\n\n\n\n<p><strong>En riktigt trevlig nationaldag \u00f6nskar jag alla! <\/strong><\/p>\n\n\n\n<p><strong>Med v\u00e4nliga matglada h\u00e4lsningar fr\u00e5n Katinkas Kitchen! <\/strong><\/p>\n\n\n\n<p>Katinka Hammarski\u00f6ld<\/p>\n\n\n\n<p>katinka.hammarskiold@hotmail.com<\/p>\n\n\n\n<p>www.katinkaskitchen.com<\/p>\n","protected":false},"excerpt":{"rendered":"<p>En nationaldag i Coronatider med \u00f6sregn &#8211; ja, d\u00e5 blir det inte som vanligt. P\u00e5 morgonen var en del ute och promenerade i halvsol innan de m\u00f6rka molnen rullade in och \u00f6sregnet tilltog. Kanske lika bra det n\u00e4r det varken blir som vanligt i dessa underliga tider med pandemi. Jag [&hellip;]<\/p>\n","protected":false},"author":5,"featured_media":32794,"comment_status":"open","ping_status":"closed","sticky":false,"template":"","format":"standard","meta":{"footnotes":""},"categories":[114],"tags":[],"class_list":["post-32791","post","type-post","status-publish","format-standard","has-post-thumbnail","hentry","category-varmt-valkommen"],"_links":{"self":[{"href":"https:\/\/katinkaskitchen.com\/index.php?rest_route=\/wp\/v2\/posts\/32791","targetHints":{"allow":["GET"]}}],"collection":[{"href":"https:\/\/katinkaskitchen.com\/index.php?rest_route=\/wp\/v2\/posts"}],"about":[{"href":"https:\/\/katinkaskitchen.com\/index.php?rest_route=\/wp\/v2\/types\/post"}],"author":[{"embeddable":true,"href":"https:\/\/katinkaskitchen.com\/index.php?rest_route=\/wp\/v2\/users\/5"}],"replies":[{"embeddable":true,"href":"https:\/\/katinkaskitchen.com\/index.php?rest_route=%2Fwp%2Fv2%2Fcomments&post=32791"}],"version-history":[{"count":3,"href":"https:\/\/katinkaskitchen.com\/index.php?rest_route=\/wp\/v2\/posts\/32791\/revisions"}],"predecessor-version":[{"id":33653,"href":"https:\/\/katinkaskitchen.com\/index.php?rest_route=\/wp\/v2\/posts\/32791\/revisions\/33653"}],"wp:featuredmedia":[{"embeddable":true,"href":"https:\/\/katinkaskitchen.com\/index.php?rest_route=\/wp\/v2\/media\/32794"}],"wp:attachment":[{"href":"https:\/\/katinkaskitchen.com\/index.php?rest_route=%2Fwp%2Fv2%2Fmedia&parent=32791"}],"wp:term":[{"taxonomy":"category","embeddable":true,"href":"https:\/\/katinkaskitchen.com\/index.php?rest_route=%2Fwp%2Fv2%2Fcategories&post=32791"},{"taxonomy":"post_tag","embeddable":true,"href":"https:\/\/katinkaskitchen.com\/index.php?rest_route=%2Fwp%2Fv2%2Ftags&post=32791"}],"curies":[{"name":"wp","href":"https:\/\/api.w.org\/{rel}","templated":true}]}}