{"id":33005,"date":"2020-10-31T03:02:00","date_gmt":"2020-10-31T03:02:00","guid":{"rendered":"http:\/\/katinkaskitchen.com\/?p=33005"},"modified":"2022-12-05T21:51:47","modified_gmt":"2022-12-05T20:51:47","slug":"halloween-pa-franska","status":"publish","type":"post","link":"https:\/\/katinkaskitchen.com\/?p=33005","title":{"rendered":"Halloween p\u00e5 franska&#8230;"},"content":{"rendered":"\n<figure class=\"wp-block-image size-large is-resized\"><img loading=\"lazy\" decoding=\"async\" src=\"http:\/\/files.katinkaskitchen.com\/0AEEBE56-150E-4AC5-837F-8FEBEC6DB790_1_201_a-768x1024.jpeg\" alt=\"\" class=\"wp-image-33009\" width=\"384\" height=\"512\" srcset=\"https:\/\/files.katinkaskitchen.com\/0AEEBE56-150E-4AC5-837F-8FEBEC6DB790_1_201_a-768x1024.jpeg 768w, https:\/\/files.katinkaskitchen.com\/0AEEBE56-150E-4AC5-837F-8FEBEC6DB790_1_201_a-225x300.jpeg 225w, https:\/\/files.katinkaskitchen.com\/0AEEBE56-150E-4AC5-837F-8FEBEC6DB790_1_201_a-112x150.jpeg 112w, https:\/\/files.katinkaskitchen.com\/0AEEBE56-150E-4AC5-837F-8FEBEC6DB790_1_201_a-1152x1536.jpeg 1152w, https:\/\/files.katinkaskitchen.com\/0AEEBE56-150E-4AC5-837F-8FEBEC6DB790_1_201_a-1536x2048.jpeg 1536w, https:\/\/files.katinkaskitchen.com\/0AEEBE56-150E-4AC5-837F-8FEBEC6DB790_1_201_a-scaled.jpeg 1920w\" sizes=\"auto, (max-width: 384px) 100vw, 384px\" \/><figcaption class=\"wp-element-caption\">Det \u00e4r n\u00e5got fel som g\u00f6r att bilderna blir utdragna och avl\u00e5nga &#8211; m\u00e5ste ringa support och f\u00e5 hj\u00e4lp med det&#8230; <\/figcaption><\/figure>\n\n\n\n<p><strong>Det enda man kan vara riktigt s\u00e4ker p\u00e5 \u00e4r att det aldrig blir som man har t\u00e4nkt sig&#8230; sade med j\u00e4mna mellanrum min chef, en luttrad ambassad\u00f6r, i Regeringskansliet f\u00f6r n\u00e4rmare 20 \u00e5r sedan. De orden t\u00e4nker jag ofta p\u00e5 i dessa tider. <\/strong><\/p>\n\n\n\n<p><strong>Idag \u00e4r det Halloween, Alla Helgons Dag p\u00e5 svenska, Toussaints p\u00e5 franska. En helg f\u00f6r att \u00e4ra de bortg\u00e5ngna, minnas och samlas. Vanligtvis brukar vi \u00e5ka till kyrkog\u00e5rden och plantera en blomma och t\u00e4nda ljus. En middag med familj eller i goda v\u00e4nners lag brukar det ocks\u00e5 ofta bli. Och s\u00e5 hade vi t\u00e4nkt \u00e4ven i \u00e5r, i mitt Paris-k\u00f6k. <\/strong><\/p>\n\n\n\n<p><strong>Men inget blev som n\u00e5gon t\u00e4nkt sig; f\u00f6rst meddelade President Macron att allt skulle st\u00e4nga ner igen (r\u00e9-confinement) p\u00e5 fredagen och dessutom skakades landet av f\u00f6rf\u00e4rlig terror &#8211; landet f\u00f6rsattes i h\u00f6gsta beredskapsl\u00e4ge inte bara sanit\u00e4rt utan \u00e4ven s\u00e4kerhetsm\u00e4ssigt. <\/strong><\/p>\n\n\n\n<figure class=\"wp-block-image size-large is-resized\"><img loading=\"lazy\" decoding=\"async\" src=\"http:\/\/files.katinkaskitchen.com\/3C0DE116-FDD7-4A3C-A99A-1E59B2BC0B27-1024x1024.jpeg\" alt=\"\" class=\"wp-image-33010\" width=\"512\" height=\"512\" srcset=\"https:\/\/files.katinkaskitchen.com\/3C0DE116-FDD7-4A3C-A99A-1E59B2BC0B27-1024x1024.jpeg 1024w, https:\/\/files.katinkaskitchen.com\/3C0DE116-FDD7-4A3C-A99A-1E59B2BC0B27-300x300.jpeg 300w, https:\/\/files.katinkaskitchen.com\/3C0DE116-FDD7-4A3C-A99A-1E59B2BC0B27-150x150.jpeg 150w, https:\/\/files.katinkaskitchen.com\/3C0DE116-FDD7-4A3C-A99A-1E59B2BC0B27-768x768.jpeg 768w, https:\/\/files.katinkaskitchen.com\/3C0DE116-FDD7-4A3C-A99A-1E59B2BC0B27-1536x1536.jpeg 1536w, https:\/\/files.katinkaskitchen.com\/3C0DE116-FDD7-4A3C-A99A-1E59B2BC0B27-2048x2048.jpeg 2048w\" sizes=\"auto, (max-width: 512px) 100vw, 512px\" \/><figcaption class=\"wp-element-caption\">Det \u00e4r kul att sk\u00e4ra ut en Jack-O-lantern<\/figcaption><\/figure>\n\n\n\n<p><strong>Planera om, t\u00e4nk nytt &#8211; ig\u00e5r kv\u00e4ll karvade vi med de gulliga fyra\u00e5riga grannbarnen ut en pumpa till den Jack-O-lantern du ser p\u00e5 bilden som lyste upp g\u00e5rden hela kv\u00e4llen.<\/strong> <strong>Ett glas champagne till, i god fransk anda. Ikv\u00e4ll blir det mindre elaborerad mat<\/strong> <strong>och en fransk film, f\u00f6r att \u00f6va franskan. Under dagen f\u00e5r vi g\u00e5 ut max en timme f\u00f6r motion i en radie om som l\u00e4ngst en kilometer. Sagt och gjort &#8211; p\u00e5 med promenadskorna, solen skiner och Paris \u00e4r \u00e4nd\u00e5 Paris. <\/strong><\/p>\n\n\n\n<figure class=\"wp-block-image size-large is-resized\"><img loading=\"lazy\" decoding=\"async\" src=\"http:\/\/files.katinkaskitchen.com\/IMG_2788-1024x768.jpeg\" alt=\"\" class=\"wp-image-33012\" width=\"512\" height=\"384\" srcset=\"https:\/\/files.katinkaskitchen.com\/IMG_2788-1024x768.jpeg 1024w, https:\/\/files.katinkaskitchen.com\/IMG_2788-300x225.jpeg 300w, https:\/\/files.katinkaskitchen.com\/IMG_2788-150x113.jpeg 150w, https:\/\/files.katinkaskitchen.com\/IMG_2788-768x576.jpeg 768w, https:\/\/files.katinkaskitchen.com\/IMG_2788-1536x1152.jpeg 1536w, https:\/\/files.katinkaskitchen.com\/IMG_2788-2048x1536.jpeg 2048w\" sizes=\"auto, (max-width: 512px) 100vw, 512px\" \/><figcaption class=\"wp-element-caption\">Scary ghosts! <\/figcaption><\/figure>\n\n\n\n<p><strong>Med v\u00e4nliga matglada h\u00e4lsningar fr\u00e5n Katinkas Kitchen i Paris! <\/strong><\/p>\n\n\n\n<p>Katinka Hammarski\u00f6ld<\/p>\n\n\n\n<p>katinka.hammarskiold@hotmail.com<\/p>\n\n\n\n<p>www.katinkaskitchen.com<\/p>\n","protected":false},"excerpt":{"rendered":"<p>Det enda man kan vara riktigt s\u00e4ker p\u00e5 \u00e4r att det aldrig blir som man har t\u00e4nkt sig&#8230; sade med j\u00e4mna mellanrum min chef, en luttrad ambassad\u00f6r, i Regeringskansliet f\u00f6r n\u00e4rmare 20 \u00e5r sedan. De orden t\u00e4nker jag ofta p\u00e5 i dessa tider. Idag \u00e4r det Halloween, Alla Helgons Dag [&hellip;]<\/p>\n","protected":false},"author":5,"featured_media":33009,"comment_status":"open","ping_status":"closed","sticky":false,"template":"","format":"standard","meta":{"footnotes":""},"categories":[11742],"tags":[],"class_list":["post-33005","post","type-post","status-publish","format-standard","has-post-thumbnail","hentry","category-halloween"],"_links":{"self":[{"href":"https:\/\/katinkaskitchen.com\/index.php?rest_route=\/wp\/v2\/posts\/33005","targetHints":{"allow":["GET"]}}],"collection":[{"href":"https:\/\/katinkaskitchen.com\/index.php?rest_route=\/wp\/v2\/posts"}],"about":[{"href":"https:\/\/katinkaskitchen.com\/index.php?rest_route=\/wp\/v2\/types\/post"}],"author":[{"embeddable":true,"href":"https:\/\/katinkaskitchen.com\/index.php?rest_route=\/wp\/v2\/users\/5"}],"replies":[{"embeddable":true,"href":"https:\/\/katinkaskitchen.com\/index.php?rest_route=%2Fwp%2Fv2%2Fcomments&post=33005"}],"version-history":[{"count":7,"href":"https:\/\/katinkaskitchen.com\/index.php?rest_route=\/wp\/v2\/posts\/33005\/revisions"}],"predecessor-version":[{"id":35513,"href":"https:\/\/katinkaskitchen.com\/index.php?rest_route=\/wp\/v2\/posts\/33005\/revisions\/35513"}],"wp:featuredmedia":[{"embeddable":true,"href":"https:\/\/katinkaskitchen.com\/index.php?rest_route=\/wp\/v2\/media\/33009"}],"wp:attachment":[{"href":"https:\/\/katinkaskitchen.com\/index.php?rest_route=%2Fwp%2Fv2%2Fmedia&parent=33005"}],"wp:term":[{"taxonomy":"category","embeddable":true,"href":"https:\/\/katinkaskitchen.com\/index.php?rest_route=%2Fwp%2Fv2%2Fcategories&post=33005"},{"taxonomy":"post_tag","embeddable":true,"href":"https:\/\/katinkaskitchen.com\/index.php?rest_route=%2Fwp%2Fv2%2Ftags&post=33005"}],"curies":[{"name":"wp","href":"https:\/\/api.w.org\/{rel}","templated":true}]}}