{"id":4713,"date":"2020-06-20T03:00:00","date_gmt":"2020-06-20T03:00:00","guid":{"rendered":"http:\/\/katinkaskitchen.com\/?p=4713"},"modified":"2022-12-07T07:20:04","modified_gmt":"2022-12-07T06:20:04","slug":"fladerpannkakor","status":"publish","type":"post","link":"https:\/\/katinkaskitchen.com\/?p=4713","title":{"rendered":"Fl\u00e4derpannkakor"},"content":{"rendered":"<p><span style=\"text-decoration: underline\"><a href=\"http:\/\/katinkaskitchen.com\/?attachment_id=4716\" rel=\"attachment wp-att-4716\"><img loading=\"lazy\" decoding=\"async\" class=\"alignright size-medium wp-image-4716\" src=\"http:\/\/files.katinkaskitchen.com\/2011\/06\/Fladerpannakaka-1-Katinkas-Kitchen-300x225.jpg\" alt=\"\" width=\"300\" height=\"225\" srcset=\"https:\/\/files.katinkaskitchen.com\/2011\/06\/Fladerpannakaka-1-Katinkas-Kitchen-300x225.jpg 300w, https:\/\/files.katinkaskitchen.com\/2011\/06\/Fladerpannakaka-1-Katinkas-Kitchen-150x112.jpg 150w, https:\/\/files.katinkaskitchen.com\/2011\/06\/Fladerpannakaka-1-Katinkas-Kitchen.jpg 640w\" sizes=\"auto, (max-width: 300px) 100vw, 300px\" \/><\/a><\/span><\/p>\n<h2>N\u00e4r fl\u00e4dern blommar f\u00f6r doftande fullt \u00e4r det h\u00e4rligt somrigt och enkelt att g\u00f6ra en trave mumsiga fl\u00e4derpannkakor &#8211; du m\u00e5ste pr\u00f6va!<\/h2>\n<p>I \u00e5r n\u00e4r allt blommar s\u00e5 tidigt och fort \u00e4r det nu h\u00f6g tid att ge sig ut i markerna och plocka underbara fl\u00e4derblommor.<\/p>\n<p>Att g\u00f6ra fl\u00e4derpannkaka \u00e4r v\u00e4ldigt enkelt \u2013 man klipper helt enkelt ner fl\u00e4derblommor i pannkakssmeten. Barnen i Katinkas Kitchen b\u00f6rjade tjata i b\u00f6rjan av juni om fl\u00e4derpannkakor. Vi serverar dem med lite socker och pressad citron.<a href=\"http:\/\/katinkaskitchen.com\/?attachment_id=12633\" rel=\"attachment wp-att-12633\"><img loading=\"lazy\" decoding=\"async\" class=\"alignright size-medium wp-image-12633\" src=\"http:\/\/files.katinkaskitchen.com\/2011\/06\/elderflower-1-Katinkas-Kitchen-0511-300x225.jpg\" alt=\"\" width=\"300\" height=\"225\" srcset=\"https:\/\/files.katinkaskitchen.com\/2011\/06\/elderflower-1-Katinkas-Kitchen-0511-300x225.jpg 300w, https:\/\/files.katinkaskitchen.com\/2011\/06\/elderflower-1-Katinkas-Kitchen-0511-150x112.jpg 150w, https:\/\/files.katinkaskitchen.com\/2011\/06\/elderflower-1-Katinkas-Kitchen-0511-1024x768.jpg 1024w\" sizes=\"auto, (max-width: 300px) 100vw, 300px\" \/><\/a><\/p>\n<p>Pannkakssmeten \u00e4r v\u00e4ldigt enkel och l\u00e4tt att g\u00f6ra i olika storlekar \u2013 du bara t\u00e4nker 2-2-2 eller 3-3-3 eller 4-4-4\u2026 s\u00e5 det blir dubbel m\u00e4ngd mj\u00f6lk mot mj\u00f6l och lika m\u00e5nga \u00e4gg som dl <a href=\"http:\/\/katinkaskitchen.com\/?attachment_id=12634\" rel=\"attachment wp-att-12634\"><img loading=\"lazy\" decoding=\"async\" class=\"alignright size-medium wp-image-12634\" src=\"http:\/\/files.katinkaskitchen.com\/2011\/06\/elderflower-pancakes-2-Katinkas-Kitchen-300x225.jpg\" alt=\"\" width=\"300\" height=\"225\" srcset=\"https:\/\/files.katinkaskitchen.com\/2011\/06\/elderflower-pancakes-2-Katinkas-Kitchen-300x225.jpg 300w, https:\/\/files.katinkaskitchen.com\/2011\/06\/elderflower-pancakes-2-Katinkas-Kitchen-150x112.jpg 150w, https:\/\/files.katinkaskitchen.com\/2011\/06\/elderflower-pancakes-2-Katinkas-Kitchen-1024x768.jpg 1024w\" sizes=\"auto, (max-width: 300px) 100vw, 300px\" \/><\/a>mj\u00f6l. Den som vill kan ha lite sm\u00e4lt sm\u00f6r i smeten.<\/p>\n<h4><em>Du beh\u00f6ver:<\/em><\/h4>\n<p>Fl\u00e4derblommor, sk\u00f6ljda s\u00e5 de \u00e4r rena fr\u00e5n sm\u00e5 svarta insekter<\/p>\n<p>3 dl mj\u00f6lk<\/p>\n<p>3 dl vetemj\u00f6l<\/p>\n<p>3 dl mj\u00f6lk<\/p>\n<p>3 \u00e4gg<\/p>\n<p>ev. en skv\u00e4tt fl\u00e4derblomssaft f\u00f6r att f\u00f6rst\u00e4rka smaken<a href=\"http:\/\/katinkaskitchen.com\/?attachment_id=12635\" rel=\"attachment wp-att-12635\"><img loading=\"lazy\" decoding=\"async\" class=\"alignright size-medium wp-image-12635\" src=\"http:\/\/files.katinkaskitchen.com\/2011\/06\/elderflower-3Katinkas-Kitchen-053-300x225.jpg\" alt=\"\" width=\"300\" height=\"225\" srcset=\"https:\/\/files.katinkaskitchen.com\/2011\/06\/elderflower-3Katinkas-Kitchen-053-300x225.jpg 300w, https:\/\/files.katinkaskitchen.com\/2011\/06\/elderflower-3Katinkas-Kitchen-053-150x112.jpg 150w, https:\/\/files.katinkaskitchen.com\/2011\/06\/elderflower-3Katinkas-Kitchen-053-1024x768.jpg 1024w\" sizes=\"auto, (max-width: 300px) 100vw, 300px\" \/><\/a><\/p>\n<h4><em>G\u00f6r s\u00e5 h\u00e4r:<\/em><\/h4>\n<p>H\u00e4ll upp den m\u00e4ngd mj\u00f6l du valt i en bunke. Vispa i lika mycket mj\u00f6lk och r\u00f6r till en sl\u00e4t smet. Vispa i lika lite mj\u00f6lk till. Vispa sist i lika m\u00e5nga \u00e4gg som dl mj\u00f6l. Och nu n\u00e4r vi g\u00f6r fl\u00e4derpannkakor r\u00f6r du ner fl\u00e4derblommor i smeten, alternativt str\u00f6r dem <a href=\"http:\/\/files.katinkaskitchen.com\/2011\/06\/IMG_1463.jpg\"><img loading=\"lazy\" decoding=\"async\" class=\"alignright size-medium wp-image-18154\" src=\"http:\/\/files.katinkaskitchen.com\/2011\/06\/IMG_1463-300x225.jpg\" alt=\"IMG_1463\" width=\"300\" height=\"225\" srcset=\"https:\/\/files.katinkaskitchen.com\/2011\/06\/IMG_1463-300x225.jpg 300w, https:\/\/files.katinkaskitchen.com\/2011\/06\/IMG_1463-150x112.jpg 150w, https:\/\/files.katinkaskitchen.com\/2011\/06\/IMG_1463.jpg 640w\" sizes=\"auto, (max-width: 300px) 100vw, 300px\" \/><\/a>\u00f6ver varje pannkaka innan du v\u00e4nder dem under stekningen.<a href=\"http:\/\/files.katinkaskitchen.com\/2011\/06\/IMG_1469.jpg\"><img loading=\"lazy\" decoding=\"async\" class=\"alignright size-medium wp-image-18159\" src=\"http:\/\/files.katinkaskitchen.com\/2011\/06\/IMG_1469-300x225.jpg\" alt=\"IMG_1469\" width=\"300\" height=\"225\" srcset=\"https:\/\/files.katinkaskitchen.com\/2011\/06\/IMG_1469-300x225.jpg 300w, https:\/\/files.katinkaskitchen.com\/2011\/06\/IMG_1469-150x112.jpg 150w, https:\/\/files.katinkaskitchen.com\/2011\/06\/IMG_1469.jpg 640w\" sizes=\"auto, (max-width: 300px) 100vw, 300px\" \/><\/a><a href=\"http:\/\/files.katinkaskitchen.com\/2011\/06\/IMG_1464.jpg\"><img loading=\"lazy\" decoding=\"async\" class=\"alignright size-medium wp-image-18155\" src=\"http:\/\/files.katinkaskitchen.com\/2011\/06\/IMG_1464-300x225.jpg\" alt=\"IMG_1464\" width=\"300\" height=\"225\" srcset=\"https:\/\/files.katinkaskitchen.com\/2011\/06\/IMG_1464-300x225.jpg 300w, https:\/\/files.katinkaskitchen.com\/2011\/06\/IMG_1464-150x112.jpg 150w, https:\/\/files.katinkaskitchen.com\/2011\/06\/IMG_1464.jpg 640w\" sizes=\"auto, (max-width: 300px) 100vw, 300px\" \/><\/a><\/p>\n<p>Sm\u00e4lt en klick sm\u00f6r (gener\u00f6s klick till f\u00f6rsta pannkakan) i en ganska het pannkakslagg eller stekpanna. H\u00e4ll i pannkakssmet och vicka snabbt p\u00e5 pannan s\u00e5 smeten rinner ut och pannkakan blir ganska tunn. Det \u00e4r i alla fall s\u00e5 jag vill ha mina pannkakor, s\u00e5 de blir lite frasiga i kanten. En del gillar tjockare pannkakor, men jag tycker att de l\u00e4tt blir degiga och sv\u00e5rare att hantera. Om du inte haft i fl\u00e4derblommorna i smeten kan du str\u00f6 dem \u00f6ver den nyupph\u00e4llda smeten. N\u00e4r smeten stelnat och pannkakan f\u00e5tt fin f\u00e4rg p\u00e5 f\u00f6rsta steksidan v\u00e4nder du den och l\u00e5ter den f\u00e5 lika fin f\u00e4rg p\u00e5 andra sidan. <a href=\"http:\/\/files.katinkaskitchen.com\/2011\/06\/IMG_1465.jpg\"><img loading=\"lazy\" decoding=\"async\" class=\"alignright size-medium wp-image-18156\" src=\"http:\/\/files.katinkaskitchen.com\/2011\/06\/IMG_1465-300x225.jpg\" alt=\"IMG_1465\" width=\"300\" height=\"225\" srcset=\"https:\/\/files.katinkaskitchen.com\/2011\/06\/IMG_1465-300x225.jpg 300w, https:\/\/files.katinkaskitchen.com\/2011\/06\/IMG_1465-150x112.jpg 150w, https:\/\/files.katinkaskitchen.com\/2011\/06\/IMG_1465.jpg 640w\" sizes=\"auto, (max-width: 300px) 100vw, 300px\" \/><\/a>Stapla p\u00e5 h\u00f6g inf\u00f6r serveringen eller servera varje pannkaka direkt med citronhalvor att pressa \u00f6ver och en sk\u00e5l socker att str\u00f6 ur.<\/p>\n<p>Bon app\u00e9tit \u00f6nskas med v\u00e4nliga matglada h\u00e4lsningar fr\u00e5n Katinkas Kitchen!<\/p>\n<p>Katinka Hammarski\u00f6ld<\/p>\n<p>katinka.hammarskiold@hotmail.com<\/p>\n<p>www.katinkaskitchen.com<a href=\"http:\/\/files.katinkaskitchen.com\/2011\/06\/IMG_1467.jpg\"><img loading=\"lazy\" decoding=\"async\" class=\"alignright size-medium wp-image-18158\" src=\"http:\/\/files.katinkaskitchen.com\/2011\/06\/IMG_1467-300x225.jpg\" alt=\"IMG_1467\" width=\"300\" height=\"225\" srcset=\"https:\/\/files.katinkaskitchen.com\/2011\/06\/IMG_1467-300x225.jpg 300w, https:\/\/files.katinkaskitchen.com\/2011\/06\/IMG_1467-150x112.jpg 150w, https:\/\/files.katinkaskitchen.com\/2011\/06\/IMG_1467.jpg 640w\" sizes=\"auto, (max-width: 300px) 100vw, 300px\" \/><\/a><a href=\"http:\/\/files.katinkaskitchen.com\/2011\/06\/IMG_1466.jpg\"><img loading=\"lazy\" decoding=\"async\" class=\"alignright size-medium wp-image-18157\" src=\"http:\/\/files.katinkaskitchen.com\/2011\/06\/IMG_1466-300x225.jpg\" alt=\"IMG_1466\" width=\"300\" height=\"225\" srcset=\"https:\/\/files.katinkaskitchen.com\/2011\/06\/IMG_1466-300x225.jpg 300w, https:\/\/files.katinkaskitchen.com\/2011\/06\/IMG_1466-150x112.jpg 150w, https:\/\/files.katinkaskitchen.com\/2011\/06\/IMG_1466.jpg 640w\" sizes=\"auto, (max-width: 300px) 100vw, 300px\" \/><\/a><\/p>\n<p>&nbsp;<\/p>\n<p>&nbsp;<\/p>\n<p>&nbsp;<\/p>\n","protected":false},"excerpt":{"rendered":"<p>N\u00e4r fl\u00e4dern blommar f\u00f6r doftande fullt \u00e4r det h\u00e4rligt somrigt och enkelt att g\u00f6ra en trave mumsiga fl\u00e4derpannkakor &#8211; du m\u00e5ste pr\u00f6va! I \u00e5r n\u00e4r allt blommar s\u00e5 tidigt och fort \u00e4r det nu h\u00f6g tid att ge sig ut i markerna och plocka underbara fl\u00e4derblommor. Att g\u00f6ra fl\u00e4derpannkaka \u00e4r [&hellip;]<\/p>\n","protected":false},"author":5,"featured_media":18154,"comment_status":"open","ping_status":"open","sticky":false,"template":"","format":"standard","meta":{"footnotes":""},"categories":[103,4026,71,11786,11757,132],"tags":[],"class_list":["post-4713","post","type-post","status-publish","format-standard","has-post-thumbnail","hentry","category-agg","category-brunch","category-efterratter","category-flader","category-pannkakor-plattar","category-sommarlata-luncher"],"_links":{"self":[{"href":"https:\/\/katinkaskitchen.com\/index.php?rest_route=\/wp\/v2\/posts\/4713","targetHints":{"allow":["GET"]}}],"collection":[{"href":"https:\/\/katinkaskitchen.com\/index.php?rest_route=\/wp\/v2\/posts"}],"about":[{"href":"https:\/\/katinkaskitchen.com\/index.php?rest_route=\/wp\/v2\/types\/post"}],"author":[{"embeddable":true,"href":"https:\/\/katinkaskitchen.com\/index.php?rest_route=\/wp\/v2\/users\/5"}],"replies":[{"embeddable":true,"href":"https:\/\/katinkaskitchen.com\/index.php?rest_route=%2Fwp%2Fv2%2Fcomments&post=4713"}],"version-history":[{"count":21,"href":"https:\/\/katinkaskitchen.com\/index.php?rest_route=\/wp\/v2\/posts\/4713\/revisions"}],"predecessor-version":[{"id":31241,"href":"https:\/\/katinkaskitchen.com\/index.php?rest_route=\/wp\/v2\/posts\/4713\/revisions\/31241"}],"wp:featuredmedia":[{"embeddable":true,"href":"https:\/\/katinkaskitchen.com\/index.php?rest_route=\/wp\/v2\/media\/18154"}],"wp:attachment":[{"href":"https:\/\/katinkaskitchen.com\/index.php?rest_route=%2Fwp%2Fv2%2Fmedia&parent=4713"}],"wp:term":[{"taxonomy":"category","embeddable":true,"href":"https:\/\/katinkaskitchen.com\/index.php?rest_route=%2Fwp%2Fv2%2Fcategories&post=4713"},{"taxonomy":"post_tag","embeddable":true,"href":"https:\/\/katinkaskitchen.com\/index.php?rest_route=%2Fwp%2Fv2%2Ftags&post=4713"}],"curies":[{"name":"wp","href":"https:\/\/api.w.org\/{rel}","templated":true}]}}