{"id":5097,"date":"2012-05-25T01:42:33","date_gmt":"2012-05-25T01:42:33","guid":{"rendered":"http:\/\/katinkaskitchen.com\/?p=5097"},"modified":"2022-12-05T23:48:48","modified_gmt":"2022-12-05T22:48:48","slug":"cafe-liegois","status":"publish","type":"post","link":"https:\/\/katinkaskitchen.com\/?p=5097","title":{"rendered":"Caf\u00e9 Li\u00e9gois"},"content":{"rendered":"<h3><\/h3>\n<h3><a href=\"http:\/\/katinkaskitchen.com\/?attachment_id=13167\" rel=\"attachment wp-att-13167\"><img loading=\"lazy\" decoding=\"async\" class=\"alignright size-large wp-image-13167\" src=\"http:\/\/files.katinkaskitchen.com\/2012\/05\/IMG_8380-1024x768.jpg\" alt=\"\" width=\"1024\" height=\"768\" srcset=\"https:\/\/files.katinkaskitchen.com\/2012\/05\/IMG_8380-1024x768.jpg 1024w, https:\/\/files.katinkaskitchen.com\/2012\/05\/IMG_8380-150x112.jpg 150w, https:\/\/files.katinkaskitchen.com\/2012\/05\/IMG_8380-300x225.jpg 300w\" sizes=\"auto, (max-width: 1024px) 100vw, 1024px\" \/><\/a><\/h3>\n<h3>Det h\u00e4r \u00e4r en l\u00f6jligt l\u00e4ttgjord men \u00e4nd\u00e5 delikat avslutning p\u00e5 en middag. Caf\u00e9 Li\u00e9gois (kaffe fr\u00e5n Li\u00e8ge) \u00e4r helt enkelt en kopp espresso som samsas med en kula vaniljglass. S\u00e5 enkelt &#8211; s\u00e5 gott! Pr\u00f6va!<a href=\"http:\/\/katinkaskitchen.com\/?attachment_id=13169\" rel=\"attachment wp-att-13169\"><img loading=\"lazy\" decoding=\"async\" class=\"alignright size-medium wp-image-13169\" src=\"http:\/\/files.katinkaskitchen.com\/2012\/05\/IMG_8379-300x225.jpg\" alt=\"\" width=\"300\" height=\"225\" srcset=\"https:\/\/files.katinkaskitchen.com\/2012\/05\/IMG_8379-300x225.jpg 300w, https:\/\/files.katinkaskitchen.com\/2012\/05\/IMG_8379-150x112.jpg 150w, https:\/\/files.katinkaskitchen.com\/2012\/05\/IMG_8379-1024x768.jpg 1024w\" sizes=\"auto, (max-width: 300px) 100vw, 300px\" \/><\/a><\/h3>\n<p>Bon app\u00e9tit!<\/p>\n<p>\u00f6nskar Katinkas Kitchen<\/p>\n<p>Katinka Hammarski\u00f6ld<\/p>\n<p>www.katinkaskitchen.com<\/p>\n<p>&nbsp;<\/p>\n","protected":false},"excerpt":{"rendered":"<p>Det h\u00e4r \u00e4r en l\u00f6jligt l\u00e4ttgjord men \u00e4nd\u00e5 delikat avslutning p\u00e5 en middag. Caf\u00e9 Li\u00e9gois (kaffe fr\u00e5n Li\u00e8ge) \u00e4r helt enkelt en kopp espresso som samsas med en kula vaniljglass. S\u00e5 enkelt &#8211; s\u00e5 gott! Pr\u00f6va! Bon app\u00e9tit! \u00f6nskar Katinkas Kitchen Katinka Hammarski\u00f6ld www.katinkaskitchen.com &nbsp;<\/p>\n","protected":false},"author":2,"featured_media":13167,"comment_status":"open","ping_status":"open","sticky":false,"template":"","format":"standard","meta":{"footnotes":""},"categories":[71,83,110,35],"tags":[],"class_list":["post-5097","post","type-post","status-publish","format-standard","has-post-thumbnail","hentry","category-efterratter","category-dryck","category-lattlagat-efterratter","category-vanilj"],"_links":{"self":[{"href":"https:\/\/katinkaskitchen.com\/index.php?rest_route=\/wp\/v2\/posts\/5097","targetHints":{"allow":["GET"]}}],"collection":[{"href":"https:\/\/katinkaskitchen.com\/index.php?rest_route=\/wp\/v2\/posts"}],"about":[{"href":"https:\/\/katinkaskitchen.com\/index.php?rest_route=\/wp\/v2\/types\/post"}],"author":[{"embeddable":true,"href":"https:\/\/katinkaskitchen.com\/index.php?rest_route=\/wp\/v2\/users\/2"}],"replies":[{"embeddable":true,"href":"https:\/\/katinkaskitchen.com\/index.php?rest_route=%2Fwp%2Fv2%2Fcomments&post=5097"}],"version-history":[{"count":12,"href":"https:\/\/katinkaskitchen.com\/index.php?rest_route=\/wp\/v2\/posts\/5097\/revisions"}],"predecessor-version":[{"id":35659,"href":"https:\/\/katinkaskitchen.com\/index.php?rest_route=\/wp\/v2\/posts\/5097\/revisions\/35659"}],"wp:featuredmedia":[{"embeddable":true,"href":"https:\/\/katinkaskitchen.com\/index.php?rest_route=\/wp\/v2\/media\/13167"}],"wp:attachment":[{"href":"https:\/\/katinkaskitchen.com\/index.php?rest_route=%2Fwp%2Fv2%2Fmedia&parent=5097"}],"wp:term":[{"taxonomy":"category","embeddable":true,"href":"https:\/\/katinkaskitchen.com\/index.php?rest_route=%2Fwp%2Fv2%2Fcategories&post=5097"},{"taxonomy":"post_tag","embeddable":true,"href":"https:\/\/katinkaskitchen.com\/index.php?rest_route=%2Fwp%2Fv2%2Ftags&post=5097"}],"curies":[{"name":"wp","href":"https:\/\/api.w.org\/{rel}","templated":true}]}}