{"id":5527,"date":"2011-12-27T14:16:35","date_gmt":"2011-12-27T14:16:35","guid":{"rendered":"http:\/\/katinkaskitchen.com\/?p=5527"},"modified":"2022-12-05T23:07:10","modified_gmt":"2022-12-05T22:07:10","slug":"jul-och-mellandagar","status":"publish","type":"post","link":"https:\/\/katinkaskitchen.com\/?p=5527","title":{"rendered":"Jul och mellandagar"},"content":{"rendered":"<h3><a href=\"http:\/\/katinkaskitchen.com\/?attachment_id=5531\" rel=\"attachment wp-att-5531\"><img loading=\"lazy\" decoding=\"async\" class=\"alignright size-medium wp-image-5531\" src=\"http:\/\/files.katinkaskitchen.com\/2011\/12\/jul-och-mellandagar-Katinkas-Kitchen-300x225.jpg\" alt=\"\" width=\"300\" height=\"225\" srcset=\"https:\/\/files.katinkaskitchen.com\/2011\/12\/jul-och-mellandagar-Katinkas-Kitchen-300x225.jpg 300w, https:\/\/files.katinkaskitchen.com\/2011\/12\/jul-och-mellandagar-Katinkas-Kitchen-150x112.jpg 150w, https:\/\/files.katinkaskitchen.com\/2011\/12\/jul-och-mellandagar-Katinkas-Kitchen.jpg 320w\" sizes=\"auto, (max-width: 300px) 100vw, 300px\" \/><\/a><\/h3>\n<h3>K\u00e4ra l\u00e4sare.<\/h3>\n<h3>Min dator har tyv\u00e4rr kr\u00e5nglat kring jul, just som jag skulle skriva n\u00e5gra tips och id\u00e9er inf\u00f6r julst\u00f6k. Men om ni fungerar som jag och v\u00e5r familj, blir det en del julpyssel \u00e4ven i mellandagarna.<\/h3>\n<h3>Varje \u00e5r t\u00e4nker jag och barnen att vi ska g\u00f6ra en massa julgodis &#8211; tryfflar i flera olika smaker s\u00e5som hallontryfflar, vita tryfflar med saffran, kardemummatryfflar, chilitryfflar och bara vanliga men alldeles ljuvliga m\u00f6rka chokladtryfflar. Detta samt kn\u00e4ck och kola i olika goda smaker &#8211; s\u00e5som citronskal och vanilj eller dotterns chokladkolor med havssalt<\/h3>\n<h3>Men tiden brukar alltid tryta och ambitionerna kommer p\u00e5 skam, eftersom vi \u00e4r fast beslutna att julen skall vara en gl\u00e4djens och matens h\u00f6gtid d\u00e5 man ska njuta tillsammans.&nbsp;I st\u00e4llet f\u00f6r att stressa konstaterar vi d\u00e5 helt enkelt att det ena och det andra f\u00e5r vi g\u00f6ra efter jul.<\/h3>\n<h3>D\u00e4rf\u00f6r gjorde vi julk\u00f6ttbullar ig\u00e5r och hade dem till en egen julk\u00f6ttbullemiddag, medan vi hade k\u00f6pta goda k\u00f6ttbullar fr\u00e5n H\u00f6torgshallen p\u00e5 julafton. Skinkan stektes p\u00e5 l\u00e5g v\u00e4rme i ugnen dagen f\u00f6re julafton, s\u00e5 vi kunde avnjuta en skinksm\u00f6rg\u00e5s med senap till lilla julaftons kv\u00e4ll d\u00e5 vi kl\u00e4dde granen.<\/h3>\n<h3>Julp\u00e4ron blev det till efterr\u00e4tt ig\u00e5r, vackert guldgula och fulla av h\u00e4rliga smaker &#8211; serverade med en god vaniljglass och choklads\u00e5s.<\/h3>\n<h3>Julegr\u00f6t med mycket kanelsmak blir det endera dagen till frukost (till sonens jublande gl\u00e4dje) och i morgon t\u00e4nkte jag baka lussekatter p\u00e5 morgonen. Och tryfflarna d\u00e5? De g\u00f6r vi imorgon&#8230;<\/h3>\n<h3>En riktigt god forts\u00e4ttning med mycket matgl\u00e4dje \u00f6nskar Katinkas Kitchen!<\/h3>\n<p>&nbsp;<\/p>\n<p>Katinka Hammarski\u00f6ld<\/p>\n<p>www.katinkaskitchen.com<\/p>\n<p>&nbsp;<\/p>\n","protected":false},"excerpt":{"rendered":"<p>K\u00e4ra l\u00e4sare. Min dator har tyv\u00e4rr kr\u00e5nglat kring jul, just som jag skulle skriva n\u00e5gra tips och id\u00e9er inf\u00f6r julst\u00f6k. Men om ni fungerar som jag och v\u00e5r familj, blir det en del julpyssel \u00e4ven i mellandagarna. Varje \u00e5r t\u00e4nker jag och barnen att vi ska g\u00f6ra en massa julgodis [&hellip;]<\/p>\n","protected":false},"author":2,"featured_media":5531,"comment_status":"open","ping_status":"open","sticky":false,"template":"","format":"standard","meta":{"footnotes":""},"categories":[4006],"tags":[],"class_list":["post-5527","post","type-post","status-publish","format-standard","has-post-thumbnail","hentry","category-jul"],"_links":{"self":[{"href":"https:\/\/katinkaskitchen.com\/index.php?rest_route=\/wp\/v2\/posts\/5527","targetHints":{"allow":["GET"]}}],"collection":[{"href":"https:\/\/katinkaskitchen.com\/index.php?rest_route=\/wp\/v2\/posts"}],"about":[{"href":"https:\/\/katinkaskitchen.com\/index.php?rest_route=\/wp\/v2\/types\/post"}],"author":[{"embeddable":true,"href":"https:\/\/katinkaskitchen.com\/index.php?rest_route=\/wp\/v2\/users\/2"}],"replies":[{"embeddable":true,"href":"https:\/\/katinkaskitchen.com\/index.php?rest_route=%2Fwp%2Fv2%2Fcomments&post=5527"}],"version-history":[{"count":12,"href":"https:\/\/katinkaskitchen.com\/index.php?rest_route=\/wp\/v2\/posts\/5527\/revisions"}],"predecessor-version":[{"id":35571,"href":"https:\/\/katinkaskitchen.com\/index.php?rest_route=\/wp\/v2\/posts\/5527\/revisions\/35571"}],"wp:featuredmedia":[{"embeddable":true,"href":"https:\/\/katinkaskitchen.com\/index.php?rest_route=\/wp\/v2\/media\/5531"}],"wp:attachment":[{"href":"https:\/\/katinkaskitchen.com\/index.php?rest_route=%2Fwp%2Fv2%2Fmedia&parent=5527"}],"wp:term":[{"taxonomy":"category","embeddable":true,"href":"https:\/\/katinkaskitchen.com\/index.php?rest_route=%2Fwp%2Fv2%2Fcategories&post=5527"},{"taxonomy":"post_tag","embeddable":true,"href":"https:\/\/katinkaskitchen.com\/index.php?rest_route=%2Fwp%2Fv2%2Ftags&post=5527"}],"curies":[{"name":"wp","href":"https:\/\/api.w.org\/{rel}","templated":true}]}}