{"id":7587,"date":"2012-03-03T05:00:35","date_gmt":"2012-03-03T05:00:35","guid":{"rendered":"http:\/\/katinkaskitchen.com\/?p=7587"},"modified":"2017-03-05T17:39:14","modified_gmt":"2017-03-05T17:39:14","slug":"efterratt-pa-semestern-eller-hemma","status":"publish","type":"post","link":"https:\/\/katinkaskitchen.com\/?p=7587","title":{"rendered":"Efterr\u00e4tt p\u00e5 semestern eller hemma"},"content":{"rendered":"<h3><a href=\"http:\/\/files.katinkaskitchen.com\/2010\/03\/karamelliserade-\u00e4pplen-p\u00e5-fat-2-Katinkas-Kitchen.jpg\"><img loading=\"lazy\" decoding=\"async\" class=\"alignright size-medium wp-image-1829\" src=\"http:\/\/files.katinkaskitchen.com\/2010\/03\/karamelliserade-\u00e4pplen-p\u00e5-fat-2-Katinkas-Kitchen-300x225.jpg\" alt=\"karamelliserade \u00e4pplen p\u00e5 fat 2 Katinkas Kitchen\" width=\"300\" height=\"225\" srcset=\"https:\/\/files.katinkaskitchen.com\/2010\/03\/karamelliserade-\u00e4pplen-p\u00e5-fat-2-Katinkas-Kitchen-300x225.jpg 300w, https:\/\/files.katinkaskitchen.com\/2010\/03\/karamelliserade-\u00e4pplen-p\u00e5-fat-2-Katinkas-Kitchen-150x112.jpg 150w, https:\/\/files.katinkaskitchen.com\/2010\/03\/karamelliserade-\u00e4pplen-p\u00e5-fat-2-Katinkas-Kitchen.jpg 640w\" sizes=\"auto, (max-width: 300px) 100vw, 300px\" \/><\/a><\/h3>\n<h3>Det h\u00e4r \u00e4r en efterr\u00e4tt som \u00e4r mycket l\u00e4tt att g\u00f6ra, var man \u00e4n \u00e4r. I stugor eller l\u00e4genheter som man hyr under semestern p\u00e5 sportlov eller annars kan det finnas begr\u00e4nsade m\u00f6jligheter att g\u00f6ra mer avancerade r\u00e4tter. Ibland saknas ugn, kakformar eller k\u00f6ket \u00e4r helt enkelt mycket tr\u00e5ngt. D\u00e5 gillar jag att g\u00f6ra den h\u00e4r fantastiskt goda efterr\u00e4tten; karamelliserade \u00e4pplen, som jag serverar med l\u00f6svispad gr\u00e4dde och\/eller en god glass. H\u00e4r har jag valt en kolaglass. \u00c4pplena steks helt enkelt i rikligt med sm\u00f6r tillsammans med vaniljst\u00e5ng som skurits p\u00e5 l\u00e4ngden s\u00e5 fr\u00f6na kan blanda sig med s\u00e5sen. Malen kanel \u00e4r ocks\u00e5 gott att ha p\u00e5. Socker, g\u00e4rna r\u00e5socker tills\u00e4ttes och det blir en ljuvlig s\u00e5s. Receptet finner du h\u00e4r p\u00e5 Katinkas Kitchen &#8211; s\u00f6k p\u00e5 kaniljcr\u00e8me i s\u00f6krutan uppe till h\u00f6ger.\u00a0<a href=\"http:\/\/files.katinkaskitchen.com\/2010\/03\/karamelliserade-\u00e4pplen-1-Katinkas-Kitchen.jpg\"><img loading=\"lazy\" decoding=\"async\" class=\"alignright size-medium wp-image-1832\" src=\"http:\/\/files.katinkaskitchen.com\/2010\/03\/karamelliserade-\u00e4pplen-1-Katinkas-Kitchen-300x225.jpg\" alt=\"karamelliserade \u00e4pplen 1 Katinkas Kitchen\" width=\"300\" height=\"225\" srcset=\"https:\/\/files.katinkaskitchen.com\/2010\/03\/karamelliserade-\u00e4pplen-1-Katinkas-Kitchen-300x225.jpg 300w, https:\/\/files.katinkaskitchen.com\/2010\/03\/karamelliserade-\u00e4pplen-1-Katinkas-Kitchen-150x112.jpg 150w, https:\/\/files.katinkaskitchen.com\/2010\/03\/karamelliserade-\u00e4pplen-1-Katinkas-Kitchen.jpg 640w\" sizes=\"auto, (max-width: 300px) 100vw, 300px\" \/><\/a><\/h3>\n<h3>Bon app\u00e9tit \u00f6nskas med v\u00e4nliga matglada h\u00e4lsningar fr\u00e5n Katinkas Kitchen!<\/h3>\n<p>Katinka Hammarski\u00f6ld<\/p>\n<p>katinka.hammarskiodl@hotmail.com<\/p>\n<p>www.katinkaskitchen.com<\/p>\n<p>&nbsp;<\/p>\n","protected":false},"excerpt":{"rendered":"<p>Det h\u00e4r \u00e4r en efterr\u00e4tt som \u00e4r mycket l\u00e4tt att g\u00f6ra, var man \u00e4n \u00e4r. I stugor eller l\u00e4genheter som man hyr under semestern p\u00e5 sportlov eller annars kan det finnas begr\u00e4nsade m\u00f6jligheter att g\u00f6ra mer avancerade r\u00e4tter. Ibland saknas ugn, kakformar eller k\u00f6ket \u00e4r helt enkelt mycket tr\u00e5ngt. D\u00e5 [&hellip;]<\/p>\n","protected":false},"author":5,"featured_media":0,"comment_status":"open","ping_status":"open","sticky":false,"template":"","format":"standard","meta":{"footnotes":""},"categories":[110,11745],"tags":[],"class_list":["post-7587","post","type-post","status-publish","format-standard","hentry","category-lattlagat-efterratter","category-sportlovsmat"],"_links":{"self":[{"href":"https:\/\/katinkaskitchen.com\/index.php?rest_route=\/wp\/v2\/posts\/7587","targetHints":{"allow":["GET"]}}],"collection":[{"href":"https:\/\/katinkaskitchen.com\/index.php?rest_route=\/wp\/v2\/posts"}],"about":[{"href":"https:\/\/katinkaskitchen.com\/index.php?rest_route=\/wp\/v2\/types\/post"}],"author":[{"embeddable":true,"href":"https:\/\/katinkaskitchen.com\/index.php?rest_route=\/wp\/v2\/users\/5"}],"replies":[{"embeddable":true,"href":"https:\/\/katinkaskitchen.com\/index.php?rest_route=%2Fwp%2Fv2%2Fcomments&post=7587"}],"version-history":[{"count":13,"href":"https:\/\/katinkaskitchen.com\/index.php?rest_route=\/wp\/v2\/posts\/7587\/revisions"}],"predecessor-version":[{"id":26930,"href":"https:\/\/katinkaskitchen.com\/index.php?rest_route=\/wp\/v2\/posts\/7587\/revisions\/26930"}],"wp:attachment":[{"href":"https:\/\/katinkaskitchen.com\/index.php?rest_route=%2Fwp%2Fv2%2Fmedia&parent=7587"}],"wp:term":[{"taxonomy":"category","embeddable":true,"href":"https:\/\/katinkaskitchen.com\/index.php?rest_route=%2Fwp%2Fv2%2Fcategories&post=7587"},{"taxonomy":"post_tag","embeddable":true,"href":"https:\/\/katinkaskitchen.com\/index.php?rest_route=%2Fwp%2Fv2%2Ftags&post=7587"}],"curies":[{"name":"wp","href":"https:\/\/api.w.org\/{rel}","templated":true}]}}