{"id":8133,"date":"2012-03-16T02:00:04","date_gmt":"2012-03-16T02:00:04","guid":{"rendered":"http:\/\/katinkaskitchen.com\/?p=8133"},"modified":"2022-12-05T23:28:37","modified_gmt":"2022-12-05T22:28:37","slug":"katinkas-kitchen-i-mitt-kok","status":"publish","type":"post","link":"https:\/\/katinkaskitchen.com\/?p=8133","title":{"rendered":"Mitt K\u00f6k och Katinkas Kitchen!"},"content":{"rendered":"<h3><a href=\"http:\/\/katinkaskitchen.com\/?attachment_id=8134\" rel=\"attachment wp-att-8134\"><img loading=\"lazy\" decoding=\"async\" class=\"alignright size-medium wp-image-8134\" src=\"http:\/\/files.katinkaskitchen.com\/2012\/03\/Katinka-t-Mitt-Kok-245x300.jpg\" alt=\"\" width=\"245\" height=\"300\" srcset=\"https:\/\/files.katinkaskitchen.com\/2012\/03\/Katinka-t-Mitt-Kok-245x300.jpg 245w, https:\/\/files.katinkaskitchen.com\/2012\/03\/Katinka-t-Mitt-Kok-122x150.jpg 122w, https:\/\/files.katinkaskitchen.com\/2012\/03\/Katinka-t-Mitt-Kok.jpg 262w\" sizes=\"auto, (max-width: 245px) 100vw, 245px\" \/><\/a><\/h3>\n<h3>Jag blev s\u00e5 glad n\u00e4r jag tidigare i \u00e5r blev kontaktad av en journalist p\u00e5 Expressens matmagasin Mitt K\u00f6k som utkommer en g\u00e5ng i veckan. De ville ha mig och Katinkas Kitchen till &#8221;veckans l\u00e4sarrecept&#8221; som brukar vara en matbloggare. Jag s\u00e5g sedan att man kan skicka in recept sj\u00e4lvmant ocks\u00e5.. kanske skulle g\u00f6ra det f\u00f6r att f\u00e5 med n\u00e5gon god, enkel efterr\u00e4tt ocks\u00e5. Jag fr\u00e5gade om jag fick l\u00e4mna en hel meny, men det hade de inte plats till, tyv\u00e4rr. Himla kul att vara med &#8211; nu har vi ett fint Mitt K\u00f6k-f\u00f6rkl\u00e4de att ta p\u00e5 vid matlagning. Tidningen Mitt K\u00f6k kom med Expressen, GT och Kv\u00e4llsposten denna vecka. Onsdag f\u00f6r Expressen i vart fall. Den finns \u00e4ven att k\u00f6pa l\u00f6s i kiosker och aff\u00e4rer till och med idag!<\/h3>\n<h3>Vad som fick representera Katinkas Kitchen? Efter moget \u00f6verv\u00e4gande och dryftande i familjen och med barnens utslagsr\u00f6st blev det lammfil\u00e9 som i Rom &#8211; stekt med rosmarin och vitl\u00f6k och serverad med balsamvin\u00e4gerstekta coctailtomater med ruccola. En verkligt god &#8211; och enkel &#8211; r\u00e4tt!<\/h3>\n<h3>L\u00e4nk till receptet:&nbsp;<a href=\"http:\/\/katinkaskitchen.com\/?p=6480\">http:\/\/katinkaskitchen.com\/?p=6480<\/a><\/h3>\n<h3>Med v\u00e4nliga matglada h\u00e4lsningar<\/h3>\n<p>Katinka Hammarski\u00f6ld<\/p>\n<p>katinka.hammarskiold@hotmail.com<\/p>\n<p>www.katinkaskitchen.com<\/p>\n","protected":false},"excerpt":{"rendered":"<p>Jag blev s\u00e5 glad n\u00e4r jag tidigare i \u00e5r blev kontaktad av en journalist p\u00e5 Expressens matmagasin Mitt K\u00f6k som utkommer en g\u00e5ng i veckan. De ville ha mig och Katinkas Kitchen till &#8221;veckans l\u00e4sarrecept&#8221; som brukar vara en matbloggare. Jag s\u00e5g sedan att man kan skicka in recept sj\u00e4lvmant [&hellip;]<\/p>\n","protected":false},"author":2,"featured_media":8134,"comment_status":"open","ping_status":"open","sticky":false,"template":"","format":"standard","meta":{"footnotes":""},"categories":[114],"tags":[],"class_list":["post-8133","post","type-post","status-publish","format-standard","has-post-thumbnail","hentry","category-varmt-valkommen"],"_links":{"self":[{"href":"https:\/\/katinkaskitchen.com\/index.php?rest_route=\/wp\/v2\/posts\/8133","targetHints":{"allow":["GET"]}}],"collection":[{"href":"https:\/\/katinkaskitchen.com\/index.php?rest_route=\/wp\/v2\/posts"}],"about":[{"href":"https:\/\/katinkaskitchen.com\/index.php?rest_route=\/wp\/v2\/types\/post"}],"author":[{"embeddable":true,"href":"https:\/\/katinkaskitchen.com\/index.php?rest_route=\/wp\/v2\/users\/2"}],"replies":[{"embeddable":true,"href":"https:\/\/katinkaskitchen.com\/index.php?rest_route=%2Fwp%2Fv2%2Fcomments&post=8133"}],"version-history":[{"count":12,"href":"https:\/\/katinkaskitchen.com\/index.php?rest_route=\/wp\/v2\/posts\/8133\/revisions"}],"predecessor-version":[{"id":35610,"href":"https:\/\/katinkaskitchen.com\/index.php?rest_route=\/wp\/v2\/posts\/8133\/revisions\/35610"}],"wp:featuredmedia":[{"embeddable":true,"href":"https:\/\/katinkaskitchen.com\/index.php?rest_route=\/wp\/v2\/media\/8134"}],"wp:attachment":[{"href":"https:\/\/katinkaskitchen.com\/index.php?rest_route=%2Fwp%2Fv2%2Fmedia&parent=8133"}],"wp:term":[{"taxonomy":"category","embeddable":true,"href":"https:\/\/katinkaskitchen.com\/index.php?rest_route=%2Fwp%2Fv2%2Fcategories&post=8133"},{"taxonomy":"post_tag","embeddable":true,"href":"https:\/\/katinkaskitchen.com\/index.php?rest_route=%2Fwp%2Fv2%2Ftags&post=8133"}],"curies":[{"name":"wp","href":"https:\/\/api.w.org\/{rel}","templated":true}]}}