{"id":8200,"date":"2012-03-18T06:00:20","date_gmt":"2012-03-18T06:00:20","guid":{"rendered":"http:\/\/katinkaskitchen.com\/?p=8200"},"modified":"2022-12-05T23:27:46","modified_gmt":"2022-12-05T22:27:46","slug":"pizzabagare-team-italia","status":"publish","type":"post","link":"https:\/\/katinkaskitchen.com\/?p=8200","title":{"rendered":"Pizzabagare &#8211; Team Italia"},"content":{"rendered":"<h3><a href=\"http:\/\/katinkaskitchen.com\/?attachment_id=8220\" rel=\"attachment wp-att-8220\"><img loading=\"lazy\" decoding=\"async\" class=\"alignright size-full wp-image-8220\" src=\"http:\/\/files.katinkaskitchen.com\/2012\/03\/Team-Italia-bakar-pizza-i-Katinkas-Kitchen1.jpg\" alt=\"\" width=\"320\" height=\"240\" srcset=\"https:\/\/files.katinkaskitchen.com\/2012\/03\/Team-Italia-bakar-pizza-i-Katinkas-Kitchen1.jpg 320w, https:\/\/files.katinkaskitchen.com\/2012\/03\/Team-Italia-bakar-pizza-i-Katinkas-Kitchen1-150x112.jpg 150w, https:\/\/files.katinkaskitchen.com\/2012\/03\/Team-Italia-bakar-pizza-i-Katinkas-Kitchen1-300x225.jpg 300w\" sizes=\"auto, (max-width: 320px) 100vw, 320px\" \/><\/a><\/h3>\n<h3>L\u00f6rdagkv\u00e4ll i Katinkas Kitchen: Team Italia bakade pizza med bravur!<\/h3>\n<h3>Under en resa till Italien i h\u00f6stas k\u00f6pte jag och min man Italia-munkjackor till barnen och gudbarnen. S\u00e5 ig\u00e5r kv\u00e4ll samlades vi \u00e4ntligen f\u00f6r att g\u00f6ra pizza \u00e0 la Italia tillsammans. De sm\u00e5 barnen var f\u00f6rv\u00e4ntansfulla och hum\u00f6ret var p\u00e5 topp hos alla.<a href=\"http:\/\/katinkaskitchen.com\/?attachment_id=8242\" rel=\"attachment wp-att-8242\"><img loading=\"lazy\" decoding=\"async\" class=\"alignright size-medium wp-image-8242\" src=\"http:\/\/files.katinkaskitchen.com\/2012\/03\/pizza-Tess-o-Theo-2-Katinkas-Kitchen2-300x225.jpg\" alt=\"\" width=\"300\" height=\"225\" srcset=\"https:\/\/files.katinkaskitchen.com\/2012\/03\/pizza-Tess-o-Theo-2-Katinkas-Kitchen2-300x225.jpg 300w, https:\/\/files.katinkaskitchen.com\/2012\/03\/pizza-Tess-o-Theo-2-Katinkas-Kitchen2-150x112.jpg 150w, https:\/\/files.katinkaskitchen.com\/2012\/03\/pizza-Tess-o-Theo-2-Katinkas-Kitchen2-1024x768.jpg 1024w\" sizes=\"auto, (max-width: 300px) 100vw, 300px\" \/><\/a><\/h3>\n<h3>En f\u00f6rdel med att ha m\u00e5nga barn \u00e4r att det g\u00e5r fort att f\u00e5 fram saker och fixa i k\u00f6ket &#8211; n\u00e4r de \u00e4r med i alla fall:). En gjorde tomats\u00e5sen, andra plockade fram alla ingredienser till <a href=\"http:\/\/katinkaskitchen.com\/?attachment_id=8245\" rel=\"attachment wp-att-8245\"><img loading=\"lazy\" decoding=\"async\" class=\"alignright size-medium wp-image-8245\" src=\"http:\/\/files.katinkaskitchen.com\/2012\/03\/Ax-o-Em-pizza-1-Katinkas-Kitchen1-300x225.jpg\" alt=\"\" width=\"300\" height=\"225\" srcset=\"https:\/\/files.katinkaskitchen.com\/2012\/03\/Ax-o-Em-pizza-1-Katinkas-Kitchen1-300x225.jpg 300w, https:\/\/files.katinkaskitchen.com\/2012\/03\/Ax-o-Em-pizza-1-Katinkas-Kitchen1-150x112.jpg 150w, https:\/\/files.katinkaskitchen.com\/2012\/03\/Ax-o-Em-pizza-1-Katinkas-Kitchen1-1024x768.jpg 1024w\" sizes=\"auto, (max-width: 300px) 100vw, 300px\" \/><\/a>toppingarna och lade fram vackert, mamman gjorde degen, pappan ordnade med drinkarna. Det \u00e4r kul att dekorera sin egen pizza efter eget huvud och smak!<\/h3>\n<h3>En sk\u00e4rbr\u00e4da arrangerades vackert med &nbsp;prosciutto och tryffelsalami som tillsammans med en sk\u00e5l oliver och en stor sk\u00e5l med grissinis (br\u00f6dpinnar) fick vara f\u00f6rr\u00e4ttssnacks till drinkarna &#8211; saft eller fruktjuice blandat med bubbelvatten f\u00f6r barnen och vin eller annan drink till de vuxna:)<\/h3>\n<h3>Vi hade f\u00f6ljande h\u00e4rliga saker till toppingar: r\u00f6kt skinka, prosciutto, salami, sardeller, kapris, oliver, f\u00e4rska tomater, pecorinoost, ch\u00e8vre, fetaost, gorgonzola, ruccola, basilika och massor av mozzarella.<\/h3>\n<h3>En av mina favoritpizzor g\u00f6rs med tomats\u00e5s, sardellfil\u00e9er, kapris och mozzarella. En annan \u00e4r quattro formaggio med ostarna vi hade (det blir egentligen fem ostar). Och ytterligare en h\u00e4rlig favorit \u00e4r att g\u00f6ra pizzan med bara tomats\u00e5s, oliver och mozzarella som gr\u00e4ddas f\u00f6rst och d\u00e4refter dekoreras med prosciutto, f\u00e4rsk basilika och toppas med en n\u00e4ve ruccola som slungats med lite olivolja och havssalt. En fantasiskt god, fr\u00e4sch och vacker pizza med h\u00e4rliga italienska smaker.<\/h3>\n<h3>Receptet p\u00e5 pizza finner du h\u00e4r bredvid.<a href=\"http:\/\/katinkaskitchen.com\/?attachment_id=8233\" rel=\"attachment wp-att-8233\"><img loading=\"lazy\" decoding=\"async\" class=\"alignright size-medium wp-image-8233\" src=\"http:\/\/files.katinkaskitchen.com\/2012\/03\/Emanuel-o-Carl-2-Katinkas-Kitchen-300x225.jpg\" alt=\"\" width=\"300\" height=\"225\" srcset=\"https:\/\/files.katinkaskitchen.com\/2012\/03\/Emanuel-o-Carl-2-Katinkas-Kitchen-300x225.jpg 300w, https:\/\/files.katinkaskitchen.com\/2012\/03\/Emanuel-o-Carl-2-Katinkas-Kitchen-150x112.jpg 150w, https:\/\/files.katinkaskitchen.com\/2012\/03\/Emanuel-o-Carl-2-Katinkas-Kitchen-1024x768.jpg 1024w\" sizes=\"auto, (max-width: 300px) 100vw, 300px\" \/><\/a><\/h3>\n<p>N\u00e4r gruppfotot togs hade de sm\u00e5 barnen tyv\u00e4rr kroknat&#8230;<\/p>\n<h3>Mycket h\u00e4rlig matgl\u00e4dje och samvaro i k\u00f6ket!<\/h3>\n<p>Katinka Hammarski\u00f6ld<\/p>\n<p>katinka.hammarskiold@hotmail.com<\/p>\n<p>www.katinkaskitchen.com<a href=\"http:\/\/katinkaskitchen.com\/?attachment_id=8239\" rel=\"attachment wp-att-8239\"><img loading=\"lazy\" decoding=\"async\" class=\"alignright size-medium wp-image-8239\" src=\"http:\/\/files.katinkaskitchen.com\/2012\/03\/Noah-o-Adrian-pizza-2-Katinkas-Kitchen-300x225.jpg\" alt=\"\" width=\"300\" height=\"225\" srcset=\"https:\/\/files.katinkaskitchen.com\/2012\/03\/Noah-o-Adrian-pizza-2-Katinkas-Kitchen-300x225.jpg 300w, https:\/\/files.katinkaskitchen.com\/2012\/03\/Noah-o-Adrian-pizza-2-Katinkas-Kitchen-150x112.jpg 150w, https:\/\/files.katinkaskitchen.com\/2012\/03\/Noah-o-Adrian-pizza-2-Katinkas-Kitchen-1024x768.jpg 1024w\" sizes=\"auto, (max-width: 300px) 100vw, 300px\" \/><\/a><\/p>\n","protected":false},"excerpt":{"rendered":"<p>L\u00f6rdagkv\u00e4ll i Katinkas Kitchen: Team Italia bakade pizza med bravur! Under en resa till Italien i h\u00f6stas k\u00f6pte jag och min man Italia-munkjackor till barnen och gudbarnen. S\u00e5 ig\u00e5r kv\u00e4ll samlades vi \u00e4ntligen f\u00f6r att g\u00f6ra pizza \u00e0 la Italia tillsammans. De sm\u00e5 barnen var f\u00f6rv\u00e4ntansfulla och hum\u00f6ret var p\u00e5 [&hellip;]<\/p>\n","protected":false},"author":5,"featured_media":8220,"comment_status":"open","ping_status":"open","sticky":false,"template":"","format":"standard","meta":{"footnotes":""},"categories":[112,11755],"tags":[],"class_list":["post-8200","post","type-post","status-publish","format-standard","has-post-thumbnail","hentry","category-pasta-italienskt","category-pizza"],"_links":{"self":[{"href":"https:\/\/katinkaskitchen.com\/index.php?rest_route=\/wp\/v2\/posts\/8200","targetHints":{"allow":["GET"]}}],"collection":[{"href":"https:\/\/katinkaskitchen.com\/index.php?rest_route=\/wp\/v2\/posts"}],"about":[{"href":"https:\/\/katinkaskitchen.com\/index.php?rest_route=\/wp\/v2\/types\/post"}],"author":[{"embeddable":true,"href":"https:\/\/katinkaskitchen.com\/index.php?rest_route=\/wp\/v2\/users\/5"}],"replies":[{"embeddable":true,"href":"https:\/\/katinkaskitchen.com\/index.php?rest_route=%2Fwp%2Fv2%2Fcomments&post=8200"}],"version-history":[{"count":32,"href":"https:\/\/katinkaskitchen.com\/index.php?rest_route=\/wp\/v2\/posts\/8200\/revisions"}],"predecessor-version":[{"id":35607,"href":"https:\/\/katinkaskitchen.com\/index.php?rest_route=\/wp\/v2\/posts\/8200\/revisions\/35607"}],"wp:featuredmedia":[{"embeddable":true,"href":"https:\/\/katinkaskitchen.com\/index.php?rest_route=\/wp\/v2\/media\/8220"}],"wp:attachment":[{"href":"https:\/\/katinkaskitchen.com\/index.php?rest_route=%2Fwp%2Fv2%2Fmedia&parent=8200"}],"wp:term":[{"taxonomy":"category","embeddable":true,"href":"https:\/\/katinkaskitchen.com\/index.php?rest_route=%2Fwp%2Fv2%2Fcategories&post=8200"},{"taxonomy":"post_tag","embeddable":true,"href":"https:\/\/katinkaskitchen.com\/index.php?rest_route=%2Fwp%2Fv2%2Ftags&post=8200"}],"curies":[{"name":"wp","href":"https:\/\/api.w.org\/{rel}","templated":true}]}}