{"id":9100,"date":"2013-03-30T02:55:54","date_gmt":"2013-03-30T02:55:54","guid":{"rendered":"http:\/\/katinkaskitchen.com\/?p=9100"},"modified":"2022-12-11T16:27:32","modified_gmt":"2022-12-11T15:27:32","slug":"paskmiddag","status":"publish","type":"post","link":"https:\/\/katinkaskitchen.com\/?p=9100","title":{"rendered":"P\u00e5skmiddag"},"content":{"rendered":"<h3><a href=\"http:\/\/katinkaskitchen.com\/?attachment_id=9127\" rel=\"attachment wp-att-9127\"><img loading=\"lazy\" decoding=\"async\" class=\"alignright size-medium wp-image-9127\" alt=\"\" src=\"http:\/\/files.katinkaskitchen.com\/2012\/04\/paskbord-1-Katinkas-Kitchen-300x225.jpg\" width=\"300\" height=\"225\" srcset=\"https:\/\/files.katinkaskitchen.com\/2012\/04\/paskbord-1-Katinkas-Kitchen-300x225.jpg 300w, https:\/\/files.katinkaskitchen.com\/2012\/04\/paskbord-1-Katinkas-Kitchen-150x112.jpg 150w, https:\/\/files.katinkaskitchen.com\/2012\/04\/paskbord-1-Katinkas-Kitchen-1024x768.jpg 1024w\" sizes=\"auto, (max-width: 300px) 100vw, 300px\" \/><\/a><\/h3>\n<h3>Jag tycker det \u00e4r h\u00e4rligt att under p\u00e5skhelgen samla ihop n\u00e5gra v\u00e4nner och \u00e4ta en god p\u00e5skmiddag. I \u00e5r blev det redan p\u00e5 sk\u00e4rtorsdagen, f\u00f6r att f\u00e5 bilder till p\u00e5skmiddagen:), med en enkel men god och uppskattad meny:<\/h3>\n<h3>Laxceviche med svenska smaker &#8211; f\u00e4rsk lax i kuber som marineras i lime- och citronjuice med lite salt och serveras med gurkt\u00e4rningar, smaksatt med en aning riven f\u00e4rsk ingef\u00e4ra och v\u00e5rl\u00f6k och toppas med forellrom och dillvippor.<a href=\"http:\/\/katinkaskitchen.com\/?attachment_id=9128\" rel=\"attachment wp-att-9128\"><img loading=\"lazy\" decoding=\"async\" class=\"alignright size-medium wp-image-9128\" alt=\"\" src=\"http:\/\/files.katinkaskitchen.com\/2012\/04\/paskbord-4-Katinkas-Kitchen1-225x300.jpg\" width=\"225\" height=\"300\" srcset=\"https:\/\/files.katinkaskitchen.com\/2012\/04\/paskbord-4-Katinkas-Kitchen1-225x300.jpg 225w, https:\/\/files.katinkaskitchen.com\/2012\/04\/paskbord-4-Katinkas-Kitchen1-112x150.jpg 112w, https:\/\/files.katinkaskitchen.com\/2012\/04\/paskbord-4-Katinkas-Kitchen1-768x1024.jpg 768w\" sizes=\"auto, (max-width: 225px) 100vw, 225px\" \/><\/a><\/h3>\n<h3>Till huvudr\u00e4tt det traditionella p\u00e5sklammet i form av lammstek provencal &#8211; smaksatt med vitl\u00f6k, rosmarin och citron, l\u00e5ngsamstekt f\u00f6r extra saftighet. Lammsteken serveras med en kr\u00e4mig vitl\u00f6ksdoftande potatisgrat\u00e4ng, gr\u00f6na b\u00f6nor (haricots verts) och l\u00e5ngsamrostade tomater.<a href=\"http:\/\/katinkaskitchen.com\/?attachment_id=9129\" rel=\"attachment wp-att-9129\"><img loading=\"lazy\" decoding=\"async\" class=\"alignright size-medium wp-image-9129\" alt=\"\" src=\"http:\/\/files.katinkaskitchen.com\/2012\/04\/lammstek-3-Katinkas-Kitchen1-225x300.jpg\" width=\"225\" height=\"300\" srcset=\"https:\/\/files.katinkaskitchen.com\/2012\/04\/lammstek-3-Katinkas-Kitchen1-225x300.jpg 225w, https:\/\/files.katinkaskitchen.com\/2012\/04\/lammstek-3-Katinkas-Kitchen1-112x150.jpg 112w, https:\/\/files.katinkaskitchen.com\/2012\/04\/lammstek-3-Katinkas-Kitchen1-768x1024.jpg 768w\" sizes=\"auto, (max-width: 225px) 100vw, 225px\" \/><\/a><\/h3>\n<h3>Och till efterr\u00e4tt en len och syrlig pannacotta med passionsfrukt &#8211; b\u00e5de i sj\u00e4lva pannacottan och i ett lager ovanp\u00e5. Men det var inte slut med det goda i och med <a href=\"http:\/\/files.katinkaskitchen.com\/2013\/03\/IMG_0352.jpg\"><img loading=\"lazy\" decoding=\"async\" class=\"alignright size-medium wp-image-16629\" alt=\"IMG_0352\" src=\"http:\/\/files.katinkaskitchen.com\/2013\/03\/IMG_0352-300x225.jpg\" width=\"300\" height=\"225\" srcset=\"https:\/\/files.katinkaskitchen.com\/2013\/03\/IMG_0352-300x225.jpg 300w, https:\/\/files.katinkaskitchen.com\/2013\/03\/IMG_0352-150x112.jpg 150w, https:\/\/files.katinkaskitchen.com\/2013\/03\/IMG_0352.jpg 640w\" sizes=\"auto, (max-width: 300px) 100vw, 300px\" \/><\/a>efterr\u00e4tten, f\u00f6r till kaffet st\u00e4ller jag g\u00e4rna fram lite choklad och \u00e4r det p\u00e5sk blir det en sk\u00e5l <a href=\"http:\/\/katinkaskitchen.com\/?attachment_id=9133\" rel=\"attachment wp-att-9133\"><img loading=\"lazy\" decoding=\"async\" class=\"alignright size-medium wp-image-9133\" alt=\"\" src=\"http:\/\/files.katinkaskitchen.com\/2012\/04\/pask-Katinkas-Kitchen-1-300x225.jpg\" width=\"300\" height=\"225\" srcset=\"https:\/\/files.katinkaskitchen.com\/2012\/04\/pask-Katinkas-Kitchen-1-300x225.jpg 300w, https:\/\/files.katinkaskitchen.com\/2012\/04\/pask-Katinkas-Kitchen-1-150x112.jpg 150w, https:\/\/files.katinkaskitchen.com\/2012\/04\/pask-Katinkas-Kitchen-1-1024x768.jpg 1024w\" sizes=\"auto, (max-width: 300px) 100vw, 300px\" \/><\/a>med p\u00e5skgodis d\u00e4r Anton Bergs mandel\u00e4gg har en given plats i mitt hj\u00e4rta tillsammans med p\u00e5skgula marsipankycklingar.<a href=\"http:\/\/katinkaskitchen.com\/?attachment_id=9130\" rel=\"attachment wp-att-9130\"><img loading=\"lazy\" decoding=\"async\" class=\"alignright size-medium wp-image-9130\" alt=\"\" src=\"http:\/\/files.katinkaskitchen.com\/2012\/04\/pannacotta-m-passionsfrukt-1-Katinkas-Kitchen1-225x300.jpg\" width=\"225\" height=\"300\" srcset=\"https:\/\/files.katinkaskitchen.com\/2012\/04\/pannacotta-m-passionsfrukt-1-Katinkas-Kitchen1-225x300.jpg 225w, https:\/\/files.katinkaskitchen.com\/2012\/04\/pannacotta-m-passionsfrukt-1-Katinkas-Kitchen1-112x150.jpg 112w, https:\/\/files.katinkaskitchen.com\/2012\/04\/pannacotta-m-passionsfrukt-1-Katinkas-Kitchen1-768x1024.jpg 768w\" sizes=\"auto, (max-width: 225px) 100vw, 225px\" \/><\/a><\/h3>\n<h3>L\u00e4nkar till de h\u00e4r recepten finns h\u00e4r nedan.&nbsp;Du finner mycket mer inspiration h\u00e4r p\u00e5 Katinkas Kitchen i kategorin P\u00e5sk i kolumnen till h\u00f6ger.<\/h3>\n<p>Scrolla ner\u00e5t f\u00f6r att se alla bilder!<\/p>\n<h3>En riktigt Glad P\u00e5sk! med v\u00e4nliga matglada h\u00e4lsningar<\/h3>\n<p>Katinka Hammarski\u00f6ld<\/p>\n<p>katinka.hammarskiold@hotmail.com<\/p>\n<p>www.katinkaskitchen.com<\/p>\n<h3>L\u00e4nk till ceviche p\u00e5 lax med svenska smaker:&nbsp;<a href=\"http:\/\/katinkaskitchen.com\/?p=5042\">http:\/\/katinkaskitchen.com\/?p=5042<\/a><\/h3>\n<h3>L\u00e4nk till lammstek:&nbsp;<a href=\"http:\/\/katinkaskitchen.com\/?p=8671\">http:\/\/katinkaskitchen.com\/?p=8671<\/a><\/h3>\n<h3>L\u00e4nk till pannacotta med passionsfrukt:&nbsp;<a href=\"http:\/\/katinkaskitchen.com\/?p=8676\">http:\/\/katinkaskitchen.com\/?p=8676<\/a><a href=\"http:\/\/katinkaskitchen.com\/?attachment_id=9138\" rel=\"attachment wp-att-9138\"><img loading=\"lazy\" decoding=\"async\" class=\"alignright size-medium wp-image-9138\" alt=\"\" src=\"http:\/\/files.katinkaskitchen.com\/2012\/04\/paskbord-3-Katinkas-Kitchen-300x225.jpg\" width=\"300\" height=\"225\" srcset=\"https:\/\/files.katinkaskitchen.com\/2012\/04\/paskbord-3-Katinkas-Kitchen-300x225.jpg 300w, https:\/\/files.katinkaskitchen.com\/2012\/04\/paskbord-3-Katinkas-Kitchen-150x112.jpg 150w, https:\/\/files.katinkaskitchen.com\/2012\/04\/paskbord-3-Katinkas-Kitchen-1024x768.jpg 1024w\" sizes=\"auto, (max-width: 300px) 100vw, 300px\" \/><\/a><\/h3>\n","protected":false},"excerpt":{"rendered":"<p>Jag tycker det \u00e4r h\u00e4rligt att under p\u00e5skhelgen samla ihop n\u00e5gra v\u00e4nner och \u00e4ta en god p\u00e5skmiddag. I \u00e5r blev det redan p\u00e5 sk\u00e4rtorsdagen, f\u00f6r att f\u00e5 bilder till p\u00e5skmiddagen:), med en enkel men god och uppskattad meny: Laxceviche med svenska smaker &#8211; f\u00e4rsk lax i kuber som marineras i [&hellip;]<\/p>\n","protected":false},"author":2,"featured_media":9127,"comment_status":"open","ping_status":"open","sticky":false,"template":"","format":"standard","meta":{"footnotes":""},"categories":[4024,4031],"tags":[],"class_list":["post-9100","post","type-post","status-publish","format-standard","has-post-thumbnail","hentry","category-festmiddagar","category-pask"],"_links":{"self":[{"href":"https:\/\/katinkaskitchen.com\/index.php?rest_route=\/wp\/v2\/posts\/9100","targetHints":{"allow":["GET"]}}],"collection":[{"href":"https:\/\/katinkaskitchen.com\/index.php?rest_route=\/wp\/v2\/posts"}],"about":[{"href":"https:\/\/katinkaskitchen.com\/index.php?rest_route=\/wp\/v2\/types\/post"}],"author":[{"embeddable":true,"href":"https:\/\/katinkaskitchen.com\/index.php?rest_route=\/wp\/v2\/users\/2"}],"replies":[{"embeddable":true,"href":"https:\/\/katinkaskitchen.com\/index.php?rest_route=%2Fwp%2Fv2%2Fcomments&post=9100"}],"version-history":[{"count":18,"href":"https:\/\/katinkaskitchen.com\/index.php?rest_route=\/wp\/v2\/posts\/9100\/revisions"}],"predecessor-version":[{"id":35877,"href":"https:\/\/katinkaskitchen.com\/index.php?rest_route=\/wp\/v2\/posts\/9100\/revisions\/35877"}],"wp:featuredmedia":[{"embeddable":true,"href":"https:\/\/katinkaskitchen.com\/index.php?rest_route=\/wp\/v2\/media\/9127"}],"wp:attachment":[{"href":"https:\/\/katinkaskitchen.com\/index.php?rest_route=%2Fwp%2Fv2%2Fmedia&parent=9100"}],"wp:term":[{"taxonomy":"category","embeddable":true,"href":"https:\/\/katinkaskitchen.com\/index.php?rest_route=%2Fwp%2Fv2%2Fcategories&post=9100"},{"taxonomy":"post_tag","embeddable":true,"href":"https:\/\/katinkaskitchen.com\/index.php?rest_route=%2Fwp%2Fv2%2Ftags&post=9100"}],"curies":[{"name":"wp","href":"https:\/\/api.w.org\/{rel}","templated":true}]}}