{"id":9205,"date":"2013-03-30T03:00:19","date_gmt":"2013-03-30T03:00:19","guid":{"rendered":"http:\/\/katinkaskitchen.com\/?p=9205"},"modified":"2022-12-11T16:27:11","modified_gmt":"2022-12-11T15:27:11","slug":"aggmalning","status":"publish","type":"post","link":"https:\/\/katinkaskitchen.com\/?p=9205","title":{"rendered":"\u00c4ggm\u00e5lning"},"content":{"rendered":"<h3><a href=\"http:\/\/katinkaskitchen.com\/?attachment_id=9208\" rel=\"attachment wp-att-9208\"><img loading=\"lazy\" decoding=\"async\" class=\"alignright size-medium wp-image-9208\" alt=\"\" src=\"http:\/\/files.katinkaskitchen.com\/2012\/04\/malade-agg-1-Katinkas-Kitchen-300x225.jpg\" width=\"300\" height=\"225\" srcset=\"https:\/\/files.katinkaskitchen.com\/2012\/04\/malade-agg-1-Katinkas-Kitchen-300x225.jpg 300w, https:\/\/files.katinkaskitchen.com\/2012\/04\/malade-agg-1-Katinkas-Kitchen-150x112.jpg 150w, https:\/\/files.katinkaskitchen.com\/2012\/04\/malade-agg-1-Katinkas-Kitchen-1024x768.jpg 1024w\" sizes=\"auto, (max-width: 300px) 100vw, 300px\" \/><\/a><\/h3>\n<h3>Traditionen att \u00e4ta \u00e4gg s\u00e4gs komma sig dels av att h\u00f6norna v\u00e4rpte synnerligen bra p\u00e5 v\u00e5ren, men \u00e4ven att man efter fastan fick lov att \u00e4ta ordentligt igen &#8211; och d\u00e5 fanns det ju gott om \u00e4gg att ta tillvara. Dessutom \u00e4r \u00e4gg en fruktsamhetssymbol.<\/h3>\n<h3>Traditionen att m\u00e5la \u00e4gg s\u00e4gs komma fr\u00e5n Ryssland och Ukraina, men kan faktiskt h\u00e4rledas \u00e4nda tillbaka till Egypterna som m\u00e5lade, eller skrev, sina b\u00f6ner p\u00e5 \u00e4gg. Det \u00e4r i vart fall en trevlig tradition d\u00e4r s\u00e5v\u00e4l barn som vuxna skapar sina personliga \u00e4gg.<\/h3>\n<h3>I min familj l\u00e4ggs \u00e4ggen d\u00e4refter i en korg eller sk\u00e5l som man sticker ner handen i och tar ett \u00e4gg som det sedan ska rimmas till &#8211; enkelt eller avancerat spelar ingen roll. I \u00e5r blev det \u00e4gg som s\u00e5g ut som drakar, med f\u00e5glar, med stj\u00e4rnor, med \u00f6gon och f\u00e4rggranna i st\u00f6rsta allm\u00e4nhet. Rimmen blev h\u00e4rliga och \u00e4ggen smakade gott tillsammans med ansjovis, sill, paj, k\u00f6ttbullar, korv och inkokt lax med ljuvlig gurks\u00e5s och mandelpotatis. Efter\u00e5t den ljuvligt syrliga citron- och limepajen som ni finner receptet till h\u00e4r bredvid.<a href=\"http:\/\/katinkaskitchen.com\/?attachment_id=9272\" rel=\"attachment wp-att-9272\"><img loading=\"lazy\" decoding=\"async\" class=\"alignright size-medium wp-image-9272\" alt=\"\" src=\"http:\/\/files.katinkaskitchen.com\/2012\/04\/aggmalning-1-Katinkas-Kitchen-300x225.jpg\" width=\"300\" height=\"225\" srcset=\"https:\/\/files.katinkaskitchen.com\/2012\/04\/aggmalning-1-Katinkas-Kitchen-300x225.jpg 300w, https:\/\/files.katinkaskitchen.com\/2012\/04\/aggmalning-1-Katinkas-Kitchen-150x112.jpg 150w, https:\/\/files.katinkaskitchen.com\/2012\/04\/aggmalning-1-Katinkas-Kitchen-1024x768.jpg 1024w\" sizes=\"auto, (max-width: 300px) 100vw, 300px\" \/><\/a><\/h3>\n<h3>F\u00e5r du \u00e4gg \u00f6ver g\u00f6r du f\u00f6rslagsvis den riktigt goda grat\u00e4ngen p\u00e5 \u00e4gg och serverar med t.ex. \u00f6verbliven lammstek. L\u00e4s receptet h\u00e4r bredvid. Du finner \u00e4ven l\u00e4nkar h\u00e4r nedanf\u00f6r.<\/h3>\n<h3>En riktigt Glad P\u00e5sk! Med v\u00e4nliga matglada h\u00e4lsningar fr\u00e5n Katinkas Kitchen!<\/h3>\n<p>Katinka Hammarskiold<a href=\"http:\/\/katinkaskitchen.com\/?attachment_id=9214\" rel=\"attachment wp-att-9214\"><img loading=\"lazy\" decoding=\"async\" class=\"alignright size-medium wp-image-9214\" alt=\"\" src=\"http:\/\/files.katinkaskitchen.com\/2012\/04\/malade-agg-4-Katinkas-Kitchen-300x225.jpg\" width=\"300\" height=\"225\" srcset=\"https:\/\/files.katinkaskitchen.com\/2012\/04\/malade-agg-4-Katinkas-Kitchen-300x225.jpg 300w, https:\/\/files.katinkaskitchen.com\/2012\/04\/malade-agg-4-Katinkas-Kitchen-150x112.jpg 150w, https:\/\/files.katinkaskitchen.com\/2012\/04\/malade-agg-4-Katinkas-Kitchen-1024x768.jpg 1024w\" sizes=\"auto, (max-width: 300px) 100vw, 300px\" \/><\/a><\/p>\n<p>katinka.hammarskiold@hotmail.com<\/p>\n<p>www.katinkaskitchen.com<\/p>\n<p>&nbsp;<\/p>\n<h3>L\u00e4nk till inkokt lax med gurks\u00e5s:&nbsp;<a href=\"http:\/\/katinkaskitchen.com\/?p=3607\">http:\/\/katinkaskitchen.com\/?p=3607<\/a><\/h3>\n<h3>L\u00e4nk till citron- och limepajen:&nbsp;<a href=\"http:\/\/katinkaskitchen.com\/?p=1064\">http:\/\/katinkaskitchen.com\/?p=1064<\/a><\/h3>\n<h3>L\u00e4nk till p\u00e5skgrat\u00e4ng: &nbsp;<a href=\"http:\/\/katinkaskitchen.com\/?p=1850\">http:\/\/katinkaskitchen.com\/?p=1850<\/a><\/h3>\n","protected":false},"excerpt":{"rendered":"<p>Traditionen att \u00e4ta \u00e4gg s\u00e4gs komma sig dels av att h\u00f6norna v\u00e4rpte synnerligen bra p\u00e5 v\u00e5ren, men \u00e4ven att man efter fastan fick lov att \u00e4ta ordentligt igen &#8211; och d\u00e5 fanns det ju gott om \u00e4gg att ta tillvara. Dessutom \u00e4r \u00e4gg en fruktsamhetssymbol. Traditionen att m\u00e5la \u00e4gg s\u00e4gs [&hellip;]<\/p>\n","protected":false},"author":2,"featured_media":9214,"comment_status":"open","ping_status":"open","sticky":false,"template":"","format":"standard","meta":{"footnotes":""},"categories":[103,4031],"tags":[],"class_list":["post-9205","post","type-post","status-publish","format-standard","has-post-thumbnail","hentry","category-agg","category-pask"],"_links":{"self":[{"href":"https:\/\/katinkaskitchen.com\/index.php?rest_route=\/wp\/v2\/posts\/9205","targetHints":{"allow":["GET"]}}],"collection":[{"href":"https:\/\/katinkaskitchen.com\/index.php?rest_route=\/wp\/v2\/posts"}],"about":[{"href":"https:\/\/katinkaskitchen.com\/index.php?rest_route=\/wp\/v2\/types\/post"}],"author":[{"embeddable":true,"href":"https:\/\/katinkaskitchen.com\/index.php?rest_route=\/wp\/v2\/users\/2"}],"replies":[{"embeddable":true,"href":"https:\/\/katinkaskitchen.com\/index.php?rest_route=%2Fwp%2Fv2%2Fcomments&post=9205"}],"version-history":[{"count":20,"href":"https:\/\/katinkaskitchen.com\/index.php?rest_route=\/wp\/v2\/posts\/9205\/revisions"}],"predecessor-version":[{"id":35876,"href":"https:\/\/katinkaskitchen.com\/index.php?rest_route=\/wp\/v2\/posts\/9205\/revisions\/35876"}],"wp:featuredmedia":[{"embeddable":true,"href":"https:\/\/katinkaskitchen.com\/index.php?rest_route=\/wp\/v2\/media\/9214"}],"wp:attachment":[{"href":"https:\/\/katinkaskitchen.com\/index.php?rest_route=%2Fwp%2Fv2%2Fmedia&parent=9205"}],"wp:term":[{"taxonomy":"category","embeddable":true,"href":"https:\/\/katinkaskitchen.com\/index.php?rest_route=%2Fwp%2Fv2%2Fcategories&post=9205"},{"taxonomy":"post_tag","embeddable":true,"href":"https:\/\/katinkaskitchen.com\/index.php?rest_route=%2Fwp%2Fv2%2Ftags&post=9205"}],"curies":[{"name":"wp","href":"https:\/\/api.w.org\/{rel}","templated":true}]}}