{"id":9830,"date":"2012-04-28T04:31:47","date_gmt":"2012-04-28T04:31:47","guid":{"rendered":"http:\/\/katinkaskitchen.com\/?p=9830"},"modified":"2022-12-05T23:44:22","modified_gmt":"2022-12-05T22:44:22","slug":"100-dagars-matbloggande","status":"publish","type":"post","link":"https:\/\/katinkaskitchen.com\/?p=9830","title":{"rendered":"Dag 100 av 100!"},"content":{"rendered":"<h3><a href=\"http:\/\/katinkaskitchen.com\/?attachment_id=9866\" rel=\"attachment wp-att-9866\"><img loading=\"lazy\" decoding=\"async\" class=\"alignright size-medium wp-image-9866\" src=\"http:\/\/files.katinkaskitchen.com\/2012\/04\/chocolate-cake-w-raspberry-mousse-1-Katinkas-Kitchen-103-300x225.jpg\" alt=\"\" width=\"300\" height=\"225\" srcset=\"https:\/\/files.katinkaskitchen.com\/2012\/04\/chocolate-cake-w-raspberry-mousse-1-Katinkas-Kitchen-103-300x225.jpg 300w, https:\/\/files.katinkaskitchen.com\/2012\/04\/chocolate-cake-w-raspberry-mousse-1-Katinkas-Kitchen-103-150x112.jpg 150w, https:\/\/files.katinkaskitchen.com\/2012\/04\/chocolate-cake-w-raspberry-mousse-1-Katinkas-Kitchen-103-1024x768.jpg 1024w\" sizes=\"auto, (max-width: 300px) 100vw, 300px\" \/><\/a><\/h3>\n<h3>Timmar blir till dagar som blir till veckor och till m\u00e5nader&#8230; vips har det g\u00e5tt 100 dagar! Just idag!<\/h3>\n<h3>Jag hoppade glatt p\u00e5 utmaningen att matblogga varje dag i hundra dagar, och ins\u00e5g nog inte riktigt dels vilket \u00e5tagande jag gjorde &#8211; men inte heller vad det skulle medf\u00f6ra. L\u00e4sarantalet har vuxit fantastiskt. Den senaste m\u00e5naden har det varit \u00f6ver 10,000 bes\u00f6k p\u00e5 Katinkas Kitchen och jag \u00e4r s\u00e5 glad och \u00f6verv\u00e4ldigad.&nbsp;Kommentarer och glada tillrop har kommit till mig tillsammans med kloka synpunkter och fr\u00e5gor. Forts\u00e4tt g\u00e4rna att skriva till mig och att kommentera direkt h\u00e4r p\u00e5 inl\u00e4ggen.<\/h3>\n<h3>M\u00e5nga har fr\u00e5gat hur jag orkat skriva s\u00e5 ofta och om jag kommer att forts\u00e4tta med det n\u00e4r utmaningen och de hundra dagarna \u00e4r \u00f6ver. Den f\u00f6rsta fr\u00e5gan besvaras med att jag t\u00e4nker p\u00e5 mat i princip hela tiden &#8211; till och med n\u00e4r jag \u00e4r magsjuk:). Svaret p\u00e5 den andra fr\u00e5gan \u00e4r att jag nog inte kommer att skriva precis varje dag, men definitivt uppdatera mycket oftare \u00e4n jag gjorde f\u00f6rut. Sakta men s\u00e4kert byggs receptbanken upp, veckomenyer har tillkommit och kanske fler nyheter kommer fram\u00f6ver. &nbsp;Forts\u00e4tt g\u00e4rna att titta in p\u00e5 Katinkas Kitchen ofta &#8211; l\u00e4gg in din mailadress i rutan till h\u00f6ger h\u00e4r f\u00f6r att f\u00e5 alla uppdateringar och nya inl\u00e4gg med tips och inspiration direkt till din mail och hj\u00e4lp mig g\u00e4rna att tipsa m\u00e5nga fler.<\/h3>\n<h3>Nedan finner du en lista p\u00e5 de jag tror fortfarande \u00e4r med i utmaningen att matblogga i hundra dagar. Den som saknar sin l\u00e4nk f\u00e5r g\u00e4rna h\u00f6ra av sig f\u00f6r att f\u00e5 den inlagd!<\/h3>\n<h3>PS Bilden \u00e4r p\u00e5 min choklad- och hallonmousset\u00e5rta som nu \u00e4r mitt bidrag till t\u00e4vlingen om b\u00e4sta t\u00e5rtbilden som tidningen Amelia har med anledning av jubileum. R\u00f6sta g\u00e4rna p\u00e5 den h\u00e4r l\u00e4nken:<\/h3>\n<p><a href=\"http:\/\/www.amelia.se\/artiklar\/Finaste-tartbilden-2012\/Tavling---kandidatsida-6888\" rel=\"nofollow noopener\" target=\"_blank\">http:\/\/www.amelia.se\/artiklar\/Finaste-tartbilden-2012\/Tavling&#8212;kandidatsida-6888<\/a><\/p>\n<p>Receptet finner du p\u00e5 den h\u00e4r l\u00e4nken:&nbsp;<a href=\"http:\/\/katinkaskitchen.com\/?p=5401\">http:\/\/katinkaskitchen.com\/?p=5401<\/a><\/p>\n<h3>Varmt v\u00e4lkomna igen och igen! Med v\u00e4nliga matglada h\u00e4lsningar<\/h3>\n<p>Katinka Hammarski\u00f6ld<\/p>\n<p>katinka.hammarskiold@hotmail.com<\/p>\n<p>www.katinkaskitchen.com<\/p>\n<p>&nbsp;<\/p>\n<p>Om n\u00e5gon inte n\u00e4mns h\u00e4r \u2013 h\u00f6r g\u00e4rna av dig s\u00e5 l\u00e4gger jag med gl\u00e4dje till din blogg!)<\/p>\n<h3><a href=\"http:\/\/www.fastfoodlovers.com\/\">Fastfoodlovers<\/a><br \/>\n<a href=\"http:\/\/www.veckansmiddag.com\/\">Veckans middag, Sanna Ohlander<\/a><br \/>\n<a href=\"http:\/\/mumsfillibaba.blogspot.com\/\">Mumsfillibabba med Sofie<\/a><br \/>\n<a href=\"http:\/\/stinatsmat.blogspot.com\/\">Stinas mat<\/a><br \/>\n<a href=\"http:\/\/kalaskokerskanstankar.blogspot.com\/\">Kalaskokerskans tankar<\/a><br \/>\n<a href=\"http:\/\/www.helenaljunggren.com\/\">Helena Ljunggren<\/a><br \/>\n<a href=\"http:\/\/granivoren.se\/\">Granivoren<\/a><br \/>\n<a href=\"http:\/\/middagskorgen.blogspot.com\/\">Middagskorgen<\/a><br \/>\n<a href=\"http:\/\/www.hornudden.net\/wordpress\">Hornudden<\/a><br \/>\n<a href=\"http:\/\/matmedmera.eu\/\">Pralin<\/a><br \/>\n<a href=\"http:\/\/www.katinkaskitchen.com\/\">Katinkas kitchen<\/a><br \/>\n<a href=\"http:\/\/foodandcookies.blogspot.com\/\">Food and cookies<\/a><br \/>\n<a href=\"http:\/\/redscreamandriesling.blogspot.com\/\">Red scream and Riessling<\/a><br \/>\n<a href=\"http:\/\/guldigrytan.blogspot.com\/\">Guld i grytan<\/a><\/h3>\n","protected":false},"excerpt":{"rendered":"<p>Timmar blir till dagar som blir till veckor och till m\u00e5nader&#8230; vips har det g\u00e5tt 100 dagar! Just idag! Jag hoppade glatt p\u00e5 utmaningen att matblogga varje dag i hundra dagar, och ins\u00e5g nog inte riktigt dels vilket \u00e5tagande jag gjorde &#8211; men inte heller vad det skulle medf\u00f6ra. L\u00e4sarantalet [&hellip;]<\/p>\n","protected":false},"author":2,"featured_media":34765,"comment_status":"open","ping_status":"open","sticky":false,"template":"","format":"standard","meta":{"footnotes":""},"categories":[114],"tags":[],"class_list":["post-9830","post","type-post","status-publish","format-standard","has-post-thumbnail","hentry","category-varmt-valkommen"],"_links":{"self":[{"href":"https:\/\/katinkaskitchen.com\/index.php?rest_route=\/wp\/v2\/posts\/9830","targetHints":{"allow":["GET"]}}],"collection":[{"href":"https:\/\/katinkaskitchen.com\/index.php?rest_route=\/wp\/v2\/posts"}],"about":[{"href":"https:\/\/katinkaskitchen.com\/index.php?rest_route=\/wp\/v2\/types\/post"}],"author":[{"embeddable":true,"href":"https:\/\/katinkaskitchen.com\/index.php?rest_route=\/wp\/v2\/users\/2"}],"replies":[{"embeddable":true,"href":"https:\/\/katinkaskitchen.com\/index.php?rest_route=%2Fwp%2Fv2%2Fcomments&post=9830"}],"version-history":[{"count":15,"href":"https:\/\/katinkaskitchen.com\/index.php?rest_route=\/wp\/v2\/posts\/9830\/revisions"}],"predecessor-version":[{"id":35646,"href":"https:\/\/katinkaskitchen.com\/index.php?rest_route=\/wp\/v2\/posts\/9830\/revisions\/35646"}],"wp:featuredmedia":[{"embeddable":true,"href":"https:\/\/katinkaskitchen.com\/index.php?rest_route=\/wp\/v2\/media\/34765"}],"wp:attachment":[{"href":"https:\/\/katinkaskitchen.com\/index.php?rest_route=%2Fwp%2Fv2%2Fmedia&parent=9830"}],"wp:term":[{"taxonomy":"category","embeddable":true,"href":"https:\/\/katinkaskitchen.com\/index.php?rest_route=%2Fwp%2Fv2%2Fcategories&post=9830"},{"taxonomy":"post_tag","embeddable":true,"href":"https:\/\/katinkaskitchen.com\/index.php?rest_route=%2Fwp%2Fv2%2Ftags&post=9830"}],"curies":[{"name":"wp","href":"https:\/\/api.w.org\/{rel}","templated":true}]}}